{"id":286994,"date":"2024-11-04T11:54:30","date_gmt":"2024-11-04T10:54:30","guid":{"rendered":"https:\/\/www.cbm.uam.es\/?p=286994"},"modified":"2024-11-04T11:55:57","modified_gmt":"2024-11-04T10:55:57","slug":"la-real-academia-de-medicina-la-fundacion-carmen-y-severo-ochoa-y-la-universidad-nebrija-organizan-por-primera-vez-la-semana-severo-ochoa","status":"publish","type":"post","link":"https:\/\/www.cbm.uam.es\/index.php\/2024\/11\/04\/la-real-academia-de-medicina-la-fundacion-carmen-y-severo-ochoa-y-la-universidad-nebrija-organizan-por-primera-vez-la-semana-severo-ochoa\/","title":{"rendered":"La Real Academia de Medicina, la Fundaci\u00f3n Carmen y Severo Ochoa y la Universidad Nebrija organizan, por primera vez,  la semana Severo Ochoa"},"content":{"rendered":"<p>La Real Academia Nacional de Medicina de Espa\u00f1a (RANME), la Fundaci\u00f3n Carmen y Severo Ochoa y la Universidad Nebrija, con la colaboraci\u00f3n de la Sociedad Espa\u00f1ola de Bioqu\u00edmica y Biolog\u00eda Molecular (SEBBM), el Centro de Biolog\u00eda Molecular Severo Ochoa (CBM, CSIC &#8211; UAM), la Fundaci\u00f3n de la RANME y la Fundaci\u00f3n Juan March, han decidido organizar la <a href=\"https:\/\/www.ranm.es\/images\/pdf\/2024\/sesiones-trim3\/i-semana-severoochoa_v2.pdf\"><strong>I Semana Severo Ochoa<\/strong><\/a>, una iniciativa pionera en Espa\u00f1a dedicada a homenajear anualmente al Dr. Severo Ochoa, m\u00e9dico, \u00a0cient\u00edfico, acad\u00e9mico de honor de la RANME y Premio Nobel de Medicina en 1959, nacido en Luarca en 1905 y fallecido en Madrid en 1993.<\/p>\n<p>\u201cAl igual que ya venimos celebrando desde hace a\u00f1os la Semana Cajal o la Semana Mara\u00f1\u00f3n, se ha decidido organizar la Semana Severo Ochoa para recordar a este bioqu\u00edmico excepcional que contribuy\u00f3 de forma significativa, con su actividad investigadora al continuo progreso de la medicina\u201d, asegura el Prof. Antonio Campos, vicepresidente de la RANME y coordinador de la Semana.<\/p>\n<p>\u201cEs un reconocimiento a esta gran figura m\u00e9dica que destac\u00f3 por su decisiva influencia en el desarrollo y el impulso de la bioqu\u00edmica espa\u00f1ola. Esperamos que este homenaje estimule a las nuevas generaciones a seguir sus pasos al servicio de la ciencia, la medicina y la sociedad\u201d, apunta el Prof. Campos.<\/p>\n<p>Del 4 al 8 de noviembre, la Semana Severo Ochoa contar\u00e1 con m\u00faltiples actividades, entre ellas, una lectura continuada de la obra seleccionada del Dr. Severo Ochoa con una recreaci\u00f3n de su voz mediante inteligencia artificial leyendo sus propias memorias. Habr\u00e1 una participaci\u00f3n especial de alumnos de bachillerato y universitarios.<\/p>\n<p>Asimismo, se inaugurar\u00e1 la exposici\u00f3n \u2018Severo Ochoa. Un cient\u00edfico apasionado\u2019, una muestra did\u00e1ctica e inspiradora que recoge toda su biograf\u00eda y legado y que permanecer\u00e1 abierta a todos los p\u00fablicos hasta el 31 de enero de 2025 en la sede de la RANME (C\/Arrieta, 12, Madrid) de lunes a viernes de 10 h a 14 h y los martes tambi\u00e9n por las tardes de 16 h a 20 h.<\/p>\n<p>En concreto, el acto institucional se celebrar\u00e1 el martes 5 de noviembre con una sesi\u00f3n acad\u00e9mica que contar\u00e1 con las intervenciones del Prof. Eduardo D\u00edaz-Rubio, presidente de la RANME, el Prof. Jos\u00e9 Mu\u00f1iz, rector de la Universidad Nebrija, la Dra. Regina Revilla, presidenta de la Fundaci\u00f3n Carmen y Severo Ochoa \u2014que cumple 30 a\u00f1os de vida en 2024\u2014, y el Dr. Antonio V. Ferrer, presidente de la SEBBM.<\/p>\n<p>\u201cDesde la Fundaci\u00f3n Carmen y Severo Ochoa quer\u00edamos impulsar esta Semana para homenajear la figura y legado de Severo Ochoa y, al mismo tiempo, fomentar el avance de la ciencia y la investigaci\u00f3n en la sociedad contempor\u00e1nea\u201d, explica Revilla.<\/p>\n<p>\u201cAl lado de sus excepcionales aportaciones cient\u00edficas que le valieron el Premio Nobel de Medicina, como universitario me gustar\u00eda resaltar el gran valor de Severo Ochoa como ejemplo y faro gu\u00eda para nuestros estudiantes. Y en esto conecta de forma natural con nuestro Antonio de Nebrija, quien hace ya m\u00e1s de quinientos a\u00f1os fuera el autor de la primera gram\u00e1tica de la lengua castellana\u201d, se\u00f1ala el Prof. Mu\u00f1iz. \u201cAmbos encarnan los valores m\u00e1s genuinamente universitarios, como la defensa de la raz\u00f3n y la verdad, el esp\u00edritu cr\u00edtico, la independencia de criterio, el trabajo duro, la investigaci\u00f3n y la bonhom\u00eda\u201d, a\u00f1ade.<\/p>\n<p>\u201cAparte de haber sido uno de los grandes bioqu\u00edmicos con contribuciones seminales para el desarrollo de la bioqu\u00edmica y la biolog\u00eda molecular, para la SEBBM, Severo Ochoa tiene especial relevancia pues fue uno de los promotores en la creaci\u00f3n y constituci\u00f3n de nuestra sociedad hace 60 a\u00f1os. Representa, adem\u00e1s, un modelo de cient\u00edfico de excelencia para nuestros j\u00f3venes investigadores\u201d, comenta el Prof. Ferrer.<\/p>\n<p>En esta Semana tambi\u00e9n habr\u00e1 siempre un espacio, denominado Aula Abierta, que estar\u00e1 cada a\u00f1o dedicado a un Centro de Excelencia Severo Ochoa. Este a\u00f1o contar\u00e1 con la participaci\u00f3n de miembros del Centro de Biolog\u00eda Molecular Severo Ochoa (CBM, CSIC-UAM), fundado por el Dr. Ochoa y colaboradores en 1975: Paola Bovolenta, su actual directora, y Jos\u00e9 Antonio Esteban, Miguel Manzanares y Ana Ortega, que proporcionar\u00e1n una visi\u00f3n de la investigaci\u00f3n actual del centro. Tambi\u00e9n se entregar\u00e1 el Premio Carmen y Severo Ochoa de Investigaci\u00f3n en Biolog\u00eda Molecular a la Dra. Mar\u00eda Llorens-Mart\u00edn y se impartir\u00e1 una conferencia conmemorativa a cargo de la Prof.\u00aa Mar\u00eda Blasco, con el patrocinio de la Fundaci\u00f3n AstraZeneca.<\/p>\n<p>La agenda completa de la Semana Severo Ochoa se encuentra en este <a href=\"https:\/\/www.ranm.tv\/index.php\/video\/1747\/i-semana-severo-ochoa-del-4-al-8-de-noviembre\/\"><strong>enlace<\/strong><\/a>. Todas las actividades y simposios est\u00e1n abiertos al p\u00fablico general en la sede de la Real Academia de Medicina y se podr\u00e1n ver en directo en ranm.tv (dentro de la web www.ranm.es).<\/p>\n<p>&nbsp;<\/p>\n<h3><strong>Los descubrimientos de Severo Ochoa<\/strong><\/h3>\n<p>&nbsp;<\/p>\n<p>Las contribuciones en bioqu\u00edmica y biolog\u00eda molecular del Dr. Severo Ochoa fueron innumerables. \u201cPor una parte, descubri\u00f3 dos enzimas que permitieron conocer mejor el ciclo de Krebs, un proceso biol\u00f3gico fundamental en el metabolismo de los seres vivos. Por otra parte, Severo Ochoa realiz\u00f3 una serie de trabajos que condujeron finalmente a la s\u00edntesis del \u00e1cido ribonucleico (ARN), tras el descubrimiento de la enzima polinucle\u00f3tido-fosforilasa. Por ello recibi\u00f3 el Premio Nobel de Medicina compartido en 1959\u201d, explica el Prof. Campos.<\/p>\n<p>Por \u00faltimo, el Dr. Severo Ochoa trabaj\u00f3 en el desciframiento del c\u00f3digo gen\u00e9tico, la bios\u00edntesis intracelular de las prote\u00ednas y la biolog\u00eda de los virus. \u201cEn la Real Academia Nacional de Medicina la sesi\u00f3n solemne de su toma de posesi\u00f3n como acad\u00e9mico de honor se celebr\u00f3 el d\u00eda 3 de febrero de 1987 en un acto presidido por Sus Majestades los Reyes de Espa\u00f1a. El discurso de recepci\u00f3n pronunciado por Severo Ochoa vers\u00f3 sobre el c\u00f3digo gen\u00e9tico en el que sintetiz\u00f3 sus decisivas aportaciones al proceso de desciframiento de la informaci\u00f3n gen\u00e9tica y de su mecanismo de transmisi\u00f3n al servicio del mantenimiento y la propagaci\u00f3n de los seres vivos\u201d, concluye el vicepresidente de la RANME.<\/p>\n","protected":false},"excerpt":{"rendered":"<p>La Real Academia Nacional de Medicina de Espa\u00f1a (RANME), la Fundaci\u00f3n Carmen y Severo Ochoa y la Universidad Nebrija, con la colaboraci\u00f3n de la Sociedad Espa\u00f1ola de Bioqu\u00edmica y Biolog\u00eda [&hellip;]<\/p>\n","protected":false},"author":5,"featured_media":286995,"comment_status":"closed","ping_status":"open","sticky":false,"template":"","format":"standard","meta":{"_et_pb_use_builder":"","_et_pb_old_content":"","_et_gb_content_width":"","footnotes":""},"categories":[44],"tags":[],"class_list":["post-286994","post","type-post","status-publish","format-standard","has-post-thumbnail","hentry","category-news"],"yoast_head":"<!-- This site is optimized with the Yoast SEO plugin v27.4 - https:\/\/yoast.com\/product\/yoast-seo-wordpress\/ -->\n<title>La Real Academia de Medicina, la Fundaci\u00f3n Carmen y Severo Ochoa y la Universidad Nebrija organizan, por primera vez, la semana Severo Ochoa - Centro de Biolog\u00eda Molecular Severo Ochoa<\/title>\n<meta name=\"robots\" content=\"index, follow, max-snippet:-1, max-image-preview:large, max-video-preview:-1\" \/>\n<link rel=\"canonical\" href=\"https:\/\/www.cbm.uam.es\/index.php\/2024\/11\/04\/la-real-academia-de-medicina-la-fundacion-carmen-y-severo-ochoa-y-la-universidad-nebrija-organizan-por-primera-vez-la-semana-severo-ochoa\/\" \/>\n<meta property=\"og:locale\" content=\"en_US\" \/>\n<meta property=\"og:type\" content=\"article\" \/>\n<meta property=\"og:title\" content=\"La Real Academia de Medicina, la Fundaci\u00f3n Carmen y Severo Ochoa y la Universidad Nebrija organizan, por primera vez, la semana Severo Ochoa - Centro de Biolog\u00eda Molecular Severo Ochoa\" \/>\n<meta property=\"og:description\" content=\"La Real Academia Nacional de Medicina de Espa\u00f1a (RANME), la Fundaci\u00f3n Carmen y Severo Ochoa y la Universidad Nebrija, con la colaboraci\u00f3n de la Sociedad Espa\u00f1ola de Bioqu\u00edmica y Biolog\u00eda [&hellip;]\" \/>\n<meta property=\"og:url\" content=\"https:\/\/www.cbm.uam.es\/index.php\/2024\/11\/04\/la-real-academia-de-medicina-la-fundacion-carmen-y-severo-ochoa-y-la-universidad-nebrija-organizan-por-primera-vez-la-semana-severo-ochoa\/\" \/>\n<meta property=\"og:site_name\" content=\"Centro de Biolog\u00eda Molecular Severo Ochoa\" \/>\n<meta property=\"article:published_time\" content=\"2024-11-04T10:54:30+00:00\" \/>\n<meta property=\"article:modified_time\" content=\"2024-11-04T10:55:57+00:00\" \/>\n<meta property=\"og:image\" content=\"https:\/\/www.cbm.uam.es\/wp-content\/uploads\/2024\/11\/Foto-Expo-Severo-Ochoa-2.jpeg\" \/>\n\t<meta property=\"og:image:width\" content=\"1500\" \/>\n\t<meta property=\"og:image:height\" content=\"2000\" \/>\n\t<meta property=\"og:image:type\" content=\"image\/jpeg\" \/>\n<meta name=\"author\" content=\"Comunicaci\u00f3n CBM\" \/>\n<meta name=\"twitter:card\" content=\"summary_large_image\" \/>\n<meta name=\"twitter:label1\" content=\"Written by\" \/>\n\t<meta name=\"twitter:data1\" content=\"Comunicaci\u00f3n CBM\" \/>\n\t<meta name=\"twitter:label2\" content=\"Est. reading time\" \/>\n\t<meta name=\"twitter:data2\" content=\"5 minutes\" \/>\n<script type=\"application\/ld+json\" class=\"yoast-schema-graph\">{\"@context\":\"https:\\\/\\\/schema.org\",\"@graph\":[{\"@type\":\"Article\",\"@id\":\"https:\\\/\\\/www.cbm.uam.es\\\/index.php\\\/2024\\\/11\\\/04\\\/la-real-academia-de-medicina-la-fundacion-carmen-y-severo-ochoa-y-la-universidad-nebrija-organizan-por-primera-vez-la-semana-severo-ochoa\\\/#article\",\"isPartOf\":{\"@id\":\"https:\\\/\\\/www.cbm.uam.es\\\/index.php\\\/2024\\\/11\\\/04\\\/la-real-academia-de-medicina-la-fundacion-carmen-y-severo-ochoa-y-la-universidad-nebrija-organizan-por-primera-vez-la-semana-severo-ochoa\\\/\"},\"author\":{\"name\":\"Comunicaci\u00f3n CBM\",\"@id\":\"https:\\\/\\\/www.cbm.uam.es\\\/?lang=es\\\/#\\\/schema\\\/person\\\/402eebd24a9ee63c097c8c4b6d8d993f\"},\"headline\":\"La Real Academia de Medicina, la Fundaci\u00f3n Carmen y Severo Ochoa y la Universidad Nebrija organizan, por primera vez, la semana Severo Ochoa\",\"datePublished\":\"2024-11-04T10:54:30+00:00\",\"dateModified\":\"2024-11-04T10:55:57+00:00\",\"mainEntityOfPage\":{\"@id\":\"https:\\\/\\\/www.cbm.uam.es\\\/index.php\\\/2024\\\/11\\\/04\\\/la-real-academia-de-medicina-la-fundacion-carmen-y-severo-ochoa-y-la-universidad-nebrija-organizan-por-primera-vez-la-semana-severo-ochoa\\\/\"},\"wordCount\":1068,\"publisher\":{\"@id\":\"https:\\\/\\\/www.cbm.uam.es\\\/?lang=es\\\/#organization\"},\"image\":{\"@id\":\"https:\\\/\\\/www.cbm.uam.es\\\/index.php\\\/2024\\\/11\\\/04\\\/la-real-academia-de-medicina-la-fundacion-carmen-y-severo-ochoa-y-la-universidad-nebrija-organizan-por-primera-vez-la-semana-severo-ochoa\\\/#primaryimage\"},\"thumbnailUrl\":\"https:\\\/\\\/www.cbm.uam.es\\\/wp-content\\\/uploads\\\/2024\\\/11\\\/Foto-Expo-Severo-Ochoa-2.jpeg\",\"articleSection\":[\"News\"],\"inLanguage\":\"en-US\"},{\"@type\":\"WebPage\",\"@id\":\"https:\\\/\\\/www.cbm.uam.es\\\/index.php\\\/2024\\\/11\\\/04\\\/la-real-academia-de-medicina-la-fundacion-carmen-y-severo-ochoa-y-la-universidad-nebrija-organizan-por-primera-vez-la-semana-severo-ochoa\\\/\",\"url\":\"https:\\\/\\\/www.cbm.uam.es\\\/index.php\\\/2024\\\/11\\\/04\\\/la-real-academia-de-medicina-la-fundacion-carmen-y-severo-ochoa-y-la-universidad-nebrija-organizan-por-primera-vez-la-semana-severo-ochoa\\\/\",\"name\":\"La Real Academia de Medicina, la Fundaci\u00f3n Carmen y Severo Ochoa y la Universidad Nebrija organizan, por primera vez, la semana Severo Ochoa - Centro de Biolog\u00eda Molecular Severo Ochoa\",\"isPartOf\":{\"@id\":\"https:\\\/\\\/www.cbm.uam.es\\\/?lang=es\\\/#website\"},\"primaryImageOfPage\":{\"@id\":\"https:\\\/\\\/www.cbm.uam.es\\\/index.php\\\/2024\\\/11\\\/04\\\/la-real-academia-de-medicina-la-fundacion-carmen-y-severo-ochoa-y-la-universidad-nebrija-organizan-por-primera-vez-la-semana-severo-ochoa\\\/#primaryimage\"},\"image\":{\"@id\":\"https:\\\/\\\/www.cbm.uam.es\\\/index.php\\\/2024\\\/11\\\/04\\\/la-real-academia-de-medicina-la-fundacion-carmen-y-severo-ochoa-y-la-universidad-nebrija-organizan-por-primera-vez-la-semana-severo-ochoa\\\/#primaryimage\"},\"thumbnailUrl\":\"https:\\\/\\\/www.cbm.uam.es\\\/wp-content\\\/uploads\\\/2024\\\/11\\\/Foto-Expo-Severo-Ochoa-2.jpeg\",\"datePublished\":\"2024-11-04T10:54:30+00:00\",\"dateModified\":\"2024-11-04T10:55:57+00:00\",\"breadcrumb\":{\"@id\":\"https:\\\/\\\/www.cbm.uam.es\\\/index.php\\\/2024\\\/11\\\/04\\\/la-real-academia-de-medicina-la-fundacion-carmen-y-severo-ochoa-y-la-universidad-nebrija-organizan-por-primera-vez-la-semana-severo-ochoa\\\/#breadcrumb\"},\"inLanguage\":\"en-US\",\"potentialAction\":[{\"@type\":\"ReadAction\",\"target\":[\"https:\\\/\\\/www.cbm.uam.es\\\/index.php\\\/2024\\\/11\\\/04\\\/la-real-academia-de-medicina-la-fundacion-carmen-y-severo-ochoa-y-la-universidad-nebrija-organizan-por-primera-vez-la-semana-severo-ochoa\\\/\"]}]},{\"@type\":\"ImageObject\",\"inLanguage\":\"en-US\",\"@id\":\"https:\\\/\\\/www.cbm.uam.es\\\/index.php\\\/2024\\\/11\\\/04\\\/la-real-academia-de-medicina-la-fundacion-carmen-y-severo-ochoa-y-la-universidad-nebrija-organizan-por-primera-vez-la-semana-severo-ochoa\\\/#primaryimage\",\"url\":\"https:\\\/\\\/www.cbm.uam.es\\\/wp-content\\\/uploads\\\/2024\\\/11\\\/Foto-Expo-Severo-Ochoa-2.jpeg\",\"contentUrl\":\"https:\\\/\\\/www.cbm.uam.es\\\/wp-content\\\/uploads\\\/2024\\\/11\\\/Foto-Expo-Severo-Ochoa-2.jpeg\",\"width\":1500,\"height\":2000},{\"@type\":\"BreadcrumbList\",\"@id\":\"https:\\\/\\\/www.cbm.uam.es\\\/index.php\\\/2024\\\/11\\\/04\\\/la-real-academia-de-medicina-la-fundacion-carmen-y-severo-ochoa-y-la-universidad-nebrija-organizan-por-primera-vez-la-semana-severo-ochoa\\\/#breadcrumb\",\"itemListElement\":[{\"@type\":\"ListItem\",\"position\":1,\"name\":\"Portada\",\"item\":\"https:\\\/\\\/www.cbm.uam.es\\\/\"},{\"@type\":\"ListItem\",\"position\":2,\"name\":\"La Real Academia de Medicina, la Fundaci\u00f3n Carmen y Severo Ochoa y la Universidad Nebrija organizan, por primera vez, la semana Severo Ochoa\"}]},{\"@type\":\"WebSite\",\"@id\":\"https:\\\/\\\/www.cbm.uam.es\\\/?lang=es\\\/#website\",\"url\":\"https:\\\/\\\/www.cbm.uam.es\\\/?lang=es\\\/\",\"name\":\"Centro de Biolog\u00eda Molecular Severo Ochoa\",\"description\":\"Official website of the CBM, CSIC - UAM. Biomedical research centre.\",\"publisher\":{\"@id\":\"https:\\\/\\\/www.cbm.uam.es\\\/?lang=es\\\/#organization\"},\"potentialAction\":[{\"@type\":\"SearchAction\",\"target\":{\"@type\":\"EntryPoint\",\"urlTemplate\":\"https:\\\/\\\/www.cbm.uam.es\\\/?lang=es\\\/?s={search_term_string}\"},\"query-input\":{\"@type\":\"PropertyValueSpecification\",\"valueRequired\":true,\"valueName\":\"search_term_string\"}}],\"inLanguage\":\"en-US\"},{\"@type\":\"Organization\",\"@id\":\"https:\\\/\\\/www.cbm.uam.es\\\/?lang=es\\\/#organization\",\"name\":\"Centro de Biolog\u00eda Molecular Severo Ochoa\",\"url\":\"https:\\\/\\\/www.cbm.uam.es\\\/?lang=es\\\/\",\"logo\":{\"@type\":\"ImageObject\",\"inLanguage\":\"en-US\",\"@id\":\"https:\\\/\\\/www.cbm.uam.es\\\/?lang=es\\\/#\\\/schema\\\/logo\\\/image\\\/\",\"url\":\"https:\\\/\\\/www.cbm.uam.es\\\/wp-content\\\/uploads\\\/2024\\\/11\\\/Logo-CBM-color-fondo-transparente.png\",\"contentUrl\":\"https:\\\/\\\/www.cbm.uam.es\\\/wp-content\\\/uploads\\\/2024\\\/11\\\/Logo-CBM-color-fondo-transparente.png\",\"width\":800,\"height\":342,\"caption\":\"Centro de Biolog\u00eda Molecular Severo Ochoa\"},\"image\":{\"@id\":\"https:\\\/\\\/www.cbm.uam.es\\\/?lang=es\\\/#\\\/schema\\\/logo\\\/image\\\/\"}},{\"@type\":\"Person\",\"@id\":\"https:\\\/\\\/www.cbm.uam.es\\\/?lang=es\\\/#\\\/schema\\\/person\\\/402eebd24a9ee63c097c8c4b6d8d993f\",\"name\":\"Comunicaci\u00f3n CBM\",\"image\":{\"@type\":\"ImageObject\",\"inLanguage\":\"en-US\",\"@id\":\"https:\\\/\\\/secure.gravatar.com\\\/avatar\\\/de6b5676f8fd159f4954e2b189afeb8eb02394577af3fac160cf1d46d84862d7?s=96&d=mm&r=g\",\"url\":\"https:\\\/\\\/secure.gravatar.com\\\/avatar\\\/de6b5676f8fd159f4954e2b189afeb8eb02394577af3fac160cf1d46d84862d7?s=96&d=mm&r=g\",\"contentUrl\":\"https:\\\/\\\/secure.gravatar.com\\\/avatar\\\/de6b5676f8fd159f4954e2b189afeb8eb02394577af3fac160cf1d46d84862d7?s=96&d=mm&r=g\",\"caption\":\"Comunicaci\u00f3n CBM\"},\"url\":\"https:\\\/\\\/www.cbm.uam.es\\\/index.php\\\/author\\\/comunicacion\\\/\"}]}<\/script>\n<!-- \/ Yoast SEO plugin. -->","yoast_head_json":{"title":"La Real Academia de Medicina, la Fundaci\u00f3n Carmen y Severo Ochoa y la Universidad Nebrija organizan, por primera vez, la semana Severo Ochoa - Centro de Biolog\u00eda Molecular Severo Ochoa","robots":{"index":"index","follow":"follow","max-snippet":"max-snippet:-1","max-image-preview":"max-image-preview:large","max-video-preview":"max-video-preview:-1"},"canonical":"https:\/\/www.cbm.uam.es\/index.php\/2024\/11\/04\/la-real-academia-de-medicina-la-fundacion-carmen-y-severo-ochoa-y-la-universidad-nebrija-organizan-por-primera-vez-la-semana-severo-ochoa\/","og_locale":"en_US","og_type":"article","og_title":"La Real Academia de Medicina, la Fundaci\u00f3n Carmen y Severo Ochoa y la Universidad Nebrija organizan, por primera vez, la semana Severo Ochoa - Centro de Biolog\u00eda Molecular Severo Ochoa","og_description":"La Real Academia Nacional de Medicina de Espa\u00f1a (RANME), la Fundaci\u00f3n Carmen y Severo Ochoa y la Universidad Nebrija, con la colaboraci\u00f3n de la Sociedad Espa\u00f1ola de Bioqu\u00edmica y Biolog\u00eda [&hellip;]","og_url":"https:\/\/www.cbm.uam.es\/index.php\/2024\/11\/04\/la-real-academia-de-medicina-la-fundacion-carmen-y-severo-ochoa-y-la-universidad-nebrija-organizan-por-primera-vez-la-semana-severo-ochoa\/","og_site_name":"Centro de Biolog\u00eda Molecular Severo Ochoa","article_published_time":"2024-11-04T10:54:30+00:00","article_modified_time":"2024-11-04T10:55:57+00:00","og_image":[{"width":1500,"height":2000,"url":"https:\/\/www.cbm.uam.es\/wp-content\/uploads\/2024\/11\/Foto-Expo-Severo-Ochoa-2.jpeg","type":"image\/jpeg"}],"author":"Comunicaci\u00f3n CBM","twitter_card":"summary_large_image","twitter_misc":{"Written by":"Comunicaci\u00f3n CBM","Est. reading time":"5 minutes"},"schema":{"@context":"https:\/\/schema.org","@graph":[{"@type":"Article","@id":"https:\/\/www.cbm.uam.es\/index.php\/2024\/11\/04\/la-real-academia-de-medicina-la-fundacion-carmen-y-severo-ochoa-y-la-universidad-nebrija-organizan-por-primera-vez-la-semana-severo-ochoa\/#article","isPartOf":{"@id":"https:\/\/www.cbm.uam.es\/index.php\/2024\/11\/04\/la-real-academia-de-medicina-la-fundacion-carmen-y-severo-ochoa-y-la-universidad-nebrija-organizan-por-primera-vez-la-semana-severo-ochoa\/"},"author":{"name":"Comunicaci\u00f3n CBM","@id":"https:\/\/www.cbm.uam.es\/?lang=es\/#\/schema\/person\/402eebd24a9ee63c097c8c4b6d8d993f"},"headline":"La Real Academia de Medicina, la Fundaci\u00f3n Carmen y Severo Ochoa y la Universidad Nebrija organizan, por primera vez, la semana Severo Ochoa","datePublished":"2024-11-04T10:54:30+00:00","dateModified":"2024-11-04T10:55:57+00:00","mainEntityOfPage":{"@id":"https:\/\/www.cbm.uam.es\/index.php\/2024\/11\/04\/la-real-academia-de-medicina-la-fundacion-carmen-y-severo-ochoa-y-la-universidad-nebrija-organizan-por-primera-vez-la-semana-severo-ochoa\/"},"wordCount":1068,"publisher":{"@id":"https:\/\/www.cbm.uam.es\/?lang=es\/#organization"},"image":{"@id":"https:\/\/www.cbm.uam.es\/index.php\/2024\/11\/04\/la-real-academia-de-medicina-la-fundacion-carmen-y-severo-ochoa-y-la-universidad-nebrija-organizan-por-primera-vez-la-semana-severo-ochoa\/#primaryimage"},"thumbnailUrl":"https:\/\/www.cbm.uam.es\/wp-content\/uploads\/2024\/11\/Foto-Expo-Severo-Ochoa-2.jpeg","articleSection":["News"],"inLanguage":"en-US"},{"@type":"WebPage","@id":"https:\/\/www.cbm.uam.es\/index.php\/2024\/11\/04\/la-real-academia-de-medicina-la-fundacion-carmen-y-severo-ochoa-y-la-universidad-nebrija-organizan-por-primera-vez-la-semana-severo-ochoa\/","url":"https:\/\/www.cbm.uam.es\/index.php\/2024\/11\/04\/la-real-academia-de-medicina-la-fundacion-carmen-y-severo-ochoa-y-la-universidad-nebrija-organizan-por-primera-vez-la-semana-severo-ochoa\/","name":"La Real Academia de Medicina, la Fundaci\u00f3n Carmen y Severo Ochoa y la Universidad Nebrija organizan, por primera vez, la semana Severo Ochoa - Centro de Biolog\u00eda Molecular Severo Ochoa","isPartOf":{"@id":"https:\/\/www.cbm.uam.es\/?lang=es\/#website"},"primaryImageOfPage":{"@id":"https:\/\/www.cbm.uam.es\/index.php\/2024\/11\/04\/la-real-academia-de-medicina-la-fundacion-carmen-y-severo-ochoa-y-la-universidad-nebrija-organizan-por-primera-vez-la-semana-severo-ochoa\/#primaryimage"},"image":{"@id":"https:\/\/www.cbm.uam.es\/index.php\/2024\/11\/04\/la-real-academia-de-medicina-la-fundacion-carmen-y-severo-ochoa-y-la-universidad-nebrija-organizan-por-primera-vez-la-semana-severo-ochoa\/#primaryimage"},"thumbnailUrl":"https:\/\/www.cbm.uam.es\/wp-content\/uploads\/2024\/11\/Foto-Expo-Severo-Ochoa-2.jpeg","datePublished":"2024-11-04T10:54:30+00:00","dateModified":"2024-11-04T10:55:57+00:00","breadcrumb":{"@id":"https:\/\/www.cbm.uam.es\/index.php\/2024\/11\/04\/la-real-academia-de-medicina-la-fundacion-carmen-y-severo-ochoa-y-la-universidad-nebrija-organizan-por-primera-vez-la-semana-severo-ochoa\/#breadcrumb"},"inLanguage":"en-US","potentialAction":[{"@type":"ReadAction","target":["https:\/\/www.cbm.uam.es\/index.php\/2024\/11\/04\/la-real-academia-de-medicina-la-fundacion-carmen-y-severo-ochoa-y-la-universidad-nebrija-organizan-por-primera-vez-la-semana-severo-ochoa\/"]}]},{"@type":"ImageObject","inLanguage":"en-US","@id":"https:\/\/www.cbm.uam.es\/index.php\/2024\/11\/04\/la-real-academia-de-medicina-la-fundacion-carmen-y-severo-ochoa-y-la-universidad-nebrija-organizan-por-primera-vez-la-semana-severo-ochoa\/#primaryimage","url":"https:\/\/www.cbm.uam.es\/wp-content\/uploads\/2024\/11\/Foto-Expo-Severo-Ochoa-2.jpeg","contentUrl":"https:\/\/www.cbm.uam.es\/wp-content\/uploads\/2024\/11\/Foto-Expo-Severo-Ochoa-2.jpeg","width":1500,"height":2000},{"@type":"BreadcrumbList","@id":"https:\/\/www.cbm.uam.es\/index.php\/2024\/11\/04\/la-real-academia-de-medicina-la-fundacion-carmen-y-severo-ochoa-y-la-universidad-nebrija-organizan-por-primera-vez-la-semana-severo-ochoa\/#breadcrumb","itemListElement":[{"@type":"ListItem","position":1,"name":"Portada","item":"https:\/\/www.cbm.uam.es\/"},{"@type":"ListItem","position":2,"name":"La Real Academia de Medicina, la Fundaci\u00f3n Carmen y Severo Ochoa y la Universidad Nebrija organizan, por primera vez, la semana Severo Ochoa"}]},{"@type":"WebSite","@id":"https:\/\/www.cbm.uam.es\/?lang=es\/#website","url":"https:\/\/www.cbm.uam.es\/?lang=es\/","name":"Centro de Biolog\u00eda Molecular Severo Ochoa","description":"Official website of the CBM, CSIC - UAM. Biomedical research centre.","publisher":{"@id":"https:\/\/www.cbm.uam.es\/?lang=es\/#organization"},"potentialAction":[{"@type":"SearchAction","target":{"@type":"EntryPoint","urlTemplate":"https:\/\/www.cbm.uam.es\/?lang=es\/?s={search_term_string}"},"query-input":{"@type":"PropertyValueSpecification","valueRequired":true,"valueName":"search_term_string"}}],"inLanguage":"en-US"},{"@type":"Organization","@id":"https:\/\/www.cbm.uam.es\/?lang=es\/#organization","name":"Centro de Biolog\u00eda Molecular Severo Ochoa","url":"https:\/\/www.cbm.uam.es\/?lang=es\/","logo":{"@type":"ImageObject","inLanguage":"en-US","@id":"https:\/\/www.cbm.uam.es\/?lang=es\/#\/schema\/logo\/image\/","url":"https:\/\/www.cbm.uam.es\/wp-content\/uploads\/2024\/11\/Logo-CBM-color-fondo-transparente.png","contentUrl":"https:\/\/www.cbm.uam.es\/wp-content\/uploads\/2024\/11\/Logo-CBM-color-fondo-transparente.png","width":800,"height":342,"caption":"Centro de Biolog\u00eda Molecular Severo Ochoa"},"image":{"@id":"https:\/\/www.cbm.uam.es\/?lang=es\/#\/schema\/logo\/image\/"}},{"@type":"Person","@id":"https:\/\/www.cbm.uam.es\/?lang=es\/#\/schema\/person\/402eebd24a9ee63c097c8c4b6d8d993f","name":"Comunicaci\u00f3n CBM","image":{"@type":"ImageObject","inLanguage":"en-US","@id":"https:\/\/secure.gravatar.com\/avatar\/de6b5676f8fd159f4954e2b189afeb8eb02394577af3fac160cf1d46d84862d7?s=96&d=mm&r=g","url":"https:\/\/secure.gravatar.com\/avatar\/de6b5676f8fd159f4954e2b189afeb8eb02394577af3fac160cf1d46d84862d7?s=96&d=mm&r=g","contentUrl":"https:\/\/secure.gravatar.com\/avatar\/de6b5676f8fd159f4954e2b189afeb8eb02394577af3fac160cf1d46d84862d7?s=96&d=mm&r=g","caption":"Comunicaci\u00f3n CBM"},"url":"https:\/\/www.cbm.uam.es\/index.php\/author\/comunicacion\/"}]}},"_links":{"self":[{"href":"https:\/\/www.cbm.uam.es\/index.php\/wp-json\/wp\/v2\/posts\/286994","targetHints":{"allow":["GET"]}}],"collection":[{"href":"https:\/\/www.cbm.uam.es\/index.php\/wp-json\/wp\/v2\/posts"}],"about":[{"href":"https:\/\/www.cbm.uam.es\/index.php\/wp-json\/wp\/v2\/types\/post"}],"author":[{"embeddable":true,"href":"https:\/\/www.cbm.uam.es\/index.php\/wp-json\/wp\/v2\/users\/5"}],"replies":[{"embeddable":true,"href":"https:\/\/www.cbm.uam.es\/index.php\/wp-json\/wp\/v2\/comments?post=286994"}],"version-history":[{"count":0,"href":"https:\/\/www.cbm.uam.es\/index.php\/wp-json\/wp\/v2\/posts\/286994\/revisions"}],"wp:featuredmedia":[{"embeddable":true,"href":"https:\/\/www.cbm.uam.es\/index.php\/wp-json\/wp\/v2\/media\/286995"}],"wp:attachment":[{"href":"https:\/\/www.cbm.uam.es\/index.php\/wp-json\/wp\/v2\/media?parent=286994"}],"wp:term":[{"taxonomy":"category","embeddable":true,"href":"https:\/\/www.cbm.uam.es\/index.php\/wp-json\/wp\/v2\/categories?post=286994"},{"taxonomy":"post_tag","embeddable":true,"href":"https:\/\/www.cbm.uam.es\/index.php\/wp-json\/wp\/v2\/tags?post=286994"}],"curies":[{"name":"wp","href":"https:\/\/api.w.org\/{rel}","templated":true}]}}