{"id":287202,"date":"2024-11-08T10:25:31","date_gmt":"2024-11-08T09:25:31","guid":{"rendered":"https:\/\/www.cbm.uam.es\/?p=287202"},"modified":"2024-11-08T10:25:59","modified_gmt":"2024-11-08T09:25:59","slug":"maria-mittelbrunn-nombrada-academica-correspondiente-de-la-real-academia-de-ciencias-exactas-fisicas-y-naturales","status":"publish","type":"post","link":"https:\/\/www.cbm.uam.es\/index.php\/2024\/11\/08\/maria-mittelbrunn-nombrada-academica-correspondiente-de-la-real-academia-de-ciencias-exactas-fisicas-y-naturales\/","title":{"rendered":"Mar\u00eda Mittelbrunn nombrada Acad\u00e9mica Correspondiente de la Real Academia de Ciencias Exactas, F\u00edsicas y Naturales"},"content":{"rendered":"<p>Mar\u00eda Mittelbrunn, investigadora del Centro de Biolog\u00eda Molecular Severo Ochoa (CBM, CSIC-UAM), instituci\u00f3n puntera en investigaci\u00f3n en biomedicina, es conocida por sus descubrimientos sobre c\u00f3mo el sistema inmunol\u00f3gico cambia con la edad y su impacto en enfermedades cr\u00f3nicas. Sus investigaciones han contribuido significativamente a la comprensi\u00f3n de los procesos de envejecimiento y han abierto nuevas perspectivas en el desarrollo de terapias para patolog\u00edas asociadas al deterioro del sistema inmune.<\/p>\n<p>El nombramiento como Acad\u00e9mica Correspondiente de la Real Academia de Ciencias Exactas, F\u00edsicas y Naturales constituye un hito en la carrera de la Dra. Mittelbrunn y representa un reconocimiento a su contribuci\u00f3n cient\u00edfica, as\u00ed como un impulso a la visibilidad de la investigaci\u00f3n biom\u00e9dica en Espa\u00f1a. La nueva acad\u00e9mica se incorpora a la RAC a petici\u00f3n de Esteban Domingo, Manuel de Le\u00f3n y \u00c1ngela Nieto. Su plaza est\u00e1 vinculada al \u00e1rea de\u00a0<em>Inmunolog\u00eda, inflamaci\u00f3n y envejecimiento<\/em>.<\/p>\n<p>\u201cEs un honor para mi formar parte de la RAC, una instituci\u00f3n a la que admiro y respeto profundamente. Asumo este reconocimiento llena de ilusi\u00f3n, y con muchas ganas de poner mi esfuerzo y dedicaci\u00f3n al servicio de la Real Academia de Ciencias Exactas, F\u00edsicas y Naturales de Espa\u00f1a\u201d, afirm\u00f3 la investigadora.<\/p>\n<p>La ceremonia de ingreso de Mar\u00eda Mittelbrunn en la Real Academia de Ciencias se celebrar\u00e1 pr\u00f3ximamente en la sede de la RAC en Madrid, donde la nueva acad\u00e9mica impartir\u00e1 una conferencia magistral sobre sus investigaciones recientes y las proyecciones futuras de su trabajo.<\/p>\n<p>&nbsp;<\/p>\n<h3>Contacto:<\/h3>\n<p>CBM Comunicaci\u00f3n: comunicacion@cbm.csic.es<br \/>\nMar\u00eda Mittelbrunn: mmittelbrunn@cbm.csic.es<\/p>\n","protected":false},"excerpt":{"rendered":"<p>Mar\u00eda Mittelbrunn, investigadora del Centro de Biolog\u00eda Molecular Severo Ochoa (CBM, CSIC-UAM), instituci\u00f3n puntera en investigaci\u00f3n en biomedicina, es conocida por sus descubrimientos sobre c\u00f3mo el sistema inmunol\u00f3gico cambia con [&hellip;]<\/p>\n","protected":false},"author":5,"featured_media":287211,"comment_status":"closed","ping_status":"open","sticky":false,"template":"","format":"standard","meta":{"_et_pb_use_builder":"","_et_pb_old_content":"","_et_gb_content_width":"","footnotes":""},"categories":[44],"tags":[],"class_list":["post-287202","post","type-post","status-publish","format-standard","has-post-thumbnail","hentry","category-news"],"yoast_head":"<!-- This site is optimized with the Yoast SEO plugin v27.4 - https:\/\/yoast.com\/product\/yoast-seo-wordpress\/ -->\n<title>Mar\u00eda Mittelbrunn nombrada Acad\u00e9mica Correspondiente de la Real Academia de Ciencias Exactas, F\u00edsicas y Naturales - Centro de Biolog\u00eda Molecular Severo Ochoa<\/title>\n<meta name=\"robots\" content=\"index, follow, max-snippet:-1, max-image-preview:large, max-video-preview:-1\" \/>\n<link rel=\"canonical\" href=\"https:\/\/www.cbm.uam.es\/index.php\/2024\/11\/08\/maria-mittelbrunn-nombrada-academica-correspondiente-de-la-real-academia-de-ciencias-exactas-fisicas-y-naturales\/\" \/>\n<meta property=\"og:locale\" content=\"en_US\" \/>\n<meta property=\"og:type\" content=\"article\" \/>\n<meta property=\"og:title\" content=\"Mar\u00eda Mittelbrunn nombrada Acad\u00e9mica Correspondiente de la Real Academia de Ciencias Exactas, F\u00edsicas y Naturales - Centro de Biolog\u00eda Molecular Severo Ochoa\" \/>\n<meta property=\"og:description\" content=\"Mar\u00eda Mittelbrunn, investigadora del Centro de Biolog\u00eda Molecular Severo Ochoa (CBM, CSIC-UAM), instituci\u00f3n puntera en investigaci\u00f3n en biomedicina, es conocida por sus descubrimientos sobre c\u00f3mo el sistema inmunol\u00f3gico cambia con [&hellip;]\" \/>\n<meta property=\"og:url\" content=\"https:\/\/www.cbm.uam.es\/index.php\/2024\/11\/08\/maria-mittelbrunn-nombrada-academica-correspondiente-de-la-real-academia-de-ciencias-exactas-fisicas-y-naturales\/\" \/>\n<meta property=\"og:site_name\" content=\"Centro de Biolog\u00eda Molecular Severo Ochoa\" \/>\n<meta property=\"article:published_time\" content=\"2024-11-08T09:25:31+00:00\" \/>\n<meta property=\"article:modified_time\" content=\"2024-11-08T09:25:59+00:00\" \/>\n<meta property=\"og:image\" content=\"https:\/\/www.cbm.uam.es\/wp-content\/uploads\/2024\/11\/2716.jpg\" \/>\n\t<meta property=\"og:image:width\" content=\"800\" \/>\n\t<meta property=\"og:image:height\" content=\"800\" \/>\n\t<meta property=\"og:image:type\" content=\"image\/jpeg\" \/>\n<meta name=\"author\" content=\"Comunicaci\u00f3n CBM\" \/>\n<meta name=\"twitter:card\" content=\"summary_large_image\" \/>\n<meta name=\"twitter:label1\" content=\"Written by\" \/>\n\t<meta name=\"twitter:data1\" content=\"Comunicaci\u00f3n CBM\" \/>\n\t<meta name=\"twitter:label2\" content=\"Est. reading time\" \/>\n\t<meta name=\"twitter:data2\" content=\"2 minutes\" \/>\n<script type=\"application\/ld+json\" class=\"yoast-schema-graph\">{\"@context\":\"https:\\\/\\\/schema.org\",\"@graph\":[{\"@type\":\"Article\",\"@id\":\"https:\\\/\\\/www.cbm.uam.es\\\/index.php\\\/2024\\\/11\\\/08\\\/maria-mittelbrunn-nombrada-academica-correspondiente-de-la-real-academia-de-ciencias-exactas-fisicas-y-naturales\\\/#article\",\"isPartOf\":{\"@id\":\"https:\\\/\\\/www.cbm.uam.es\\\/index.php\\\/2024\\\/11\\\/08\\\/maria-mittelbrunn-nombrada-academica-correspondiente-de-la-real-academia-de-ciencias-exactas-fisicas-y-naturales\\\/\"},\"author\":{\"name\":\"Comunicaci\u00f3n CBM\",\"@id\":\"https:\\\/\\\/www.cbm.uam.es\\\/?lang=es\\\/#\\\/schema\\\/person\\\/402eebd24a9ee63c097c8c4b6d8d993f\"},\"headline\":\"Mar\u00eda Mittelbrunn nombrada Acad\u00e9mica Correspondiente de la Real Academia de Ciencias Exactas, F\u00edsicas y Naturales\",\"datePublished\":\"2024-11-08T09:25:31+00:00\",\"dateModified\":\"2024-11-08T09:25:59+00:00\",\"mainEntityOfPage\":{\"@id\":\"https:\\\/\\\/www.cbm.uam.es\\\/index.php\\\/2024\\\/11\\\/08\\\/maria-mittelbrunn-nombrada-academica-correspondiente-de-la-real-academia-de-ciencias-exactas-fisicas-y-naturales\\\/\"},\"wordCount\":303,\"publisher\":{\"@id\":\"https:\\\/\\\/www.cbm.uam.es\\\/?lang=es\\\/#organization\"},\"image\":{\"@id\":\"https:\\\/\\\/www.cbm.uam.es\\\/index.php\\\/2024\\\/11\\\/08\\\/maria-mittelbrunn-nombrada-academica-correspondiente-de-la-real-academia-de-ciencias-exactas-fisicas-y-naturales\\\/#primaryimage\"},\"thumbnailUrl\":\"https:\\\/\\\/www.cbm.uam.es\\\/wp-content\\\/uploads\\\/2024\\\/11\\\/2716.jpg\",\"articleSection\":[\"News\"],\"inLanguage\":\"en-US\"},{\"@type\":\"WebPage\",\"@id\":\"https:\\\/\\\/www.cbm.uam.es\\\/index.php\\\/2024\\\/11\\\/08\\\/maria-mittelbrunn-nombrada-academica-correspondiente-de-la-real-academia-de-ciencias-exactas-fisicas-y-naturales\\\/\",\"url\":\"https:\\\/\\\/www.cbm.uam.es\\\/index.php\\\/2024\\\/11\\\/08\\\/maria-mittelbrunn-nombrada-academica-correspondiente-de-la-real-academia-de-ciencias-exactas-fisicas-y-naturales\\\/\",\"name\":\"Mar\u00eda Mittelbrunn nombrada Acad\u00e9mica Correspondiente de la Real Academia de Ciencias Exactas, F\u00edsicas y Naturales - Centro de Biolog\u00eda Molecular Severo Ochoa\",\"isPartOf\":{\"@id\":\"https:\\\/\\\/www.cbm.uam.es\\\/?lang=es\\\/#website\"},\"primaryImageOfPage\":{\"@id\":\"https:\\\/\\\/www.cbm.uam.es\\\/index.php\\\/2024\\\/11\\\/08\\\/maria-mittelbrunn-nombrada-academica-correspondiente-de-la-real-academia-de-ciencias-exactas-fisicas-y-naturales\\\/#primaryimage\"},\"image\":{\"@id\":\"https:\\\/\\\/www.cbm.uam.es\\\/index.php\\\/2024\\\/11\\\/08\\\/maria-mittelbrunn-nombrada-academica-correspondiente-de-la-real-academia-de-ciencias-exactas-fisicas-y-naturales\\\/#primaryimage\"},\"thumbnailUrl\":\"https:\\\/\\\/www.cbm.uam.es\\\/wp-content\\\/uploads\\\/2024\\\/11\\\/2716.jpg\",\"datePublished\":\"2024-11-08T09:25:31+00:00\",\"dateModified\":\"2024-11-08T09:25:59+00:00\",\"breadcrumb\":{\"@id\":\"https:\\\/\\\/www.cbm.uam.es\\\/index.php\\\/2024\\\/11\\\/08\\\/maria-mittelbrunn-nombrada-academica-correspondiente-de-la-real-academia-de-ciencias-exactas-fisicas-y-naturales\\\/#breadcrumb\"},\"inLanguage\":\"en-US\",\"potentialAction\":[{\"@type\":\"ReadAction\",\"target\":[\"https:\\\/\\\/www.cbm.uam.es\\\/index.php\\\/2024\\\/11\\\/08\\\/maria-mittelbrunn-nombrada-academica-correspondiente-de-la-real-academia-de-ciencias-exactas-fisicas-y-naturales\\\/\"]}]},{\"@type\":\"ImageObject\",\"inLanguage\":\"en-US\",\"@id\":\"https:\\\/\\\/www.cbm.uam.es\\\/index.php\\\/2024\\\/11\\\/08\\\/maria-mittelbrunn-nombrada-academica-correspondiente-de-la-real-academia-de-ciencias-exactas-fisicas-y-naturales\\\/#primaryimage\",\"url\":\"https:\\\/\\\/www.cbm.uam.es\\\/wp-content\\\/uploads\\\/2024\\\/11\\\/2716.jpg\",\"contentUrl\":\"https:\\\/\\\/www.cbm.uam.es\\\/wp-content\\\/uploads\\\/2024\\\/11\\\/2716.jpg\",\"width\":800,\"height\":800},{\"@type\":\"BreadcrumbList\",\"@id\":\"https:\\\/\\\/www.cbm.uam.es\\\/index.php\\\/2024\\\/11\\\/08\\\/maria-mittelbrunn-nombrada-academica-correspondiente-de-la-real-academia-de-ciencias-exactas-fisicas-y-naturales\\\/#breadcrumb\",\"itemListElement\":[{\"@type\":\"ListItem\",\"position\":1,\"name\":\"Portada\",\"item\":\"https:\\\/\\\/www.cbm.uam.es\\\/\"},{\"@type\":\"ListItem\",\"position\":2,\"name\":\"Mar\u00eda Mittelbrunn nombrada Acad\u00e9mica Correspondiente de la Real Academia de Ciencias Exactas, F\u00edsicas y Naturales\"}]},{\"@type\":\"WebSite\",\"@id\":\"https:\\\/\\\/www.cbm.uam.es\\\/?lang=es\\\/#website\",\"url\":\"https:\\\/\\\/www.cbm.uam.es\\\/?lang=es\\\/\",\"name\":\"Centro de Biolog\u00eda Molecular Severo Ochoa\",\"description\":\"Official website of the CBM, CSIC - UAM. Biomedical research centre.\",\"publisher\":{\"@id\":\"https:\\\/\\\/www.cbm.uam.es\\\/?lang=es\\\/#organization\"},\"potentialAction\":[{\"@type\":\"SearchAction\",\"target\":{\"@type\":\"EntryPoint\",\"urlTemplate\":\"https:\\\/\\\/www.cbm.uam.es\\\/?lang=es\\\/?s={search_term_string}\"},\"query-input\":{\"@type\":\"PropertyValueSpecification\",\"valueRequired\":true,\"valueName\":\"search_term_string\"}}],\"inLanguage\":\"en-US\"},{\"@type\":\"Organization\",\"@id\":\"https:\\\/\\\/www.cbm.uam.es\\\/?lang=es\\\/#organization\",\"name\":\"Centro de Biolog\u00eda Molecular Severo Ochoa\",\"url\":\"https:\\\/\\\/www.cbm.uam.es\\\/?lang=es\\\/\",\"logo\":{\"@type\":\"ImageObject\",\"inLanguage\":\"en-US\",\"@id\":\"https:\\\/\\\/www.cbm.uam.es\\\/?lang=es\\\/#\\\/schema\\\/logo\\\/image\\\/\",\"url\":\"https:\\\/\\\/www.cbm.uam.es\\\/wp-content\\\/uploads\\\/2024\\\/11\\\/Logo-CBM-color-fondo-transparente.png\",\"contentUrl\":\"https:\\\/\\\/www.cbm.uam.es\\\/wp-content\\\/uploads\\\/2024\\\/11\\\/Logo-CBM-color-fondo-transparente.png\",\"width\":800,\"height\":342,\"caption\":\"Centro de Biolog\u00eda Molecular Severo Ochoa\"},\"image\":{\"@id\":\"https:\\\/\\\/www.cbm.uam.es\\\/?lang=es\\\/#\\\/schema\\\/logo\\\/image\\\/\"}},{\"@type\":\"Person\",\"@id\":\"https:\\\/\\\/www.cbm.uam.es\\\/?lang=es\\\/#\\\/schema\\\/person\\\/402eebd24a9ee63c097c8c4b6d8d993f\",\"name\":\"Comunicaci\u00f3n CBM\",\"image\":{\"@type\":\"ImageObject\",\"inLanguage\":\"en-US\",\"@id\":\"https:\\\/\\\/secure.gravatar.com\\\/avatar\\\/de6b5676f8fd159f4954e2b189afeb8eb02394577af3fac160cf1d46d84862d7?s=96&d=mm&r=g\",\"url\":\"https:\\\/\\\/secure.gravatar.com\\\/avatar\\\/de6b5676f8fd159f4954e2b189afeb8eb02394577af3fac160cf1d46d84862d7?s=96&d=mm&r=g\",\"contentUrl\":\"https:\\\/\\\/secure.gravatar.com\\\/avatar\\\/de6b5676f8fd159f4954e2b189afeb8eb02394577af3fac160cf1d46d84862d7?s=96&d=mm&r=g\",\"caption\":\"Comunicaci\u00f3n CBM\"},\"url\":\"https:\\\/\\\/www.cbm.uam.es\\\/index.php\\\/author\\\/comunicacion\\\/\"}]}<\/script>\n<!-- \/ Yoast SEO plugin. -->","yoast_head_json":{"title":"Mar\u00eda Mittelbrunn nombrada Acad\u00e9mica Correspondiente de la Real Academia de Ciencias Exactas, F\u00edsicas y Naturales - Centro de Biolog\u00eda Molecular Severo Ochoa","robots":{"index":"index","follow":"follow","max-snippet":"max-snippet:-1","max-image-preview":"max-image-preview:large","max-video-preview":"max-video-preview:-1"},"canonical":"https:\/\/www.cbm.uam.es\/index.php\/2024\/11\/08\/maria-mittelbrunn-nombrada-academica-correspondiente-de-la-real-academia-de-ciencias-exactas-fisicas-y-naturales\/","og_locale":"en_US","og_type":"article","og_title":"Mar\u00eda Mittelbrunn nombrada Acad\u00e9mica Correspondiente de la Real Academia de Ciencias Exactas, F\u00edsicas y Naturales - Centro de Biolog\u00eda Molecular Severo Ochoa","og_description":"Mar\u00eda Mittelbrunn, investigadora del Centro de Biolog\u00eda Molecular Severo Ochoa (CBM, CSIC-UAM), instituci\u00f3n puntera en investigaci\u00f3n en biomedicina, es conocida por sus descubrimientos sobre c\u00f3mo el sistema inmunol\u00f3gico cambia con [&hellip;]","og_url":"https:\/\/www.cbm.uam.es\/index.php\/2024\/11\/08\/maria-mittelbrunn-nombrada-academica-correspondiente-de-la-real-academia-de-ciencias-exactas-fisicas-y-naturales\/","og_site_name":"Centro de Biolog\u00eda Molecular Severo Ochoa","article_published_time":"2024-11-08T09:25:31+00:00","article_modified_time":"2024-11-08T09:25:59+00:00","og_image":[{"width":800,"height":800,"url":"https:\/\/www.cbm.uam.es\/wp-content\/uploads\/2024\/11\/2716.jpg","type":"image\/jpeg"}],"author":"Comunicaci\u00f3n CBM","twitter_card":"summary_large_image","twitter_misc":{"Written by":"Comunicaci\u00f3n CBM","Est. reading time":"2 minutes"},"schema":{"@context":"https:\/\/schema.org","@graph":[{"@type":"Article","@id":"https:\/\/www.cbm.uam.es\/index.php\/2024\/11\/08\/maria-mittelbrunn-nombrada-academica-correspondiente-de-la-real-academia-de-ciencias-exactas-fisicas-y-naturales\/#article","isPartOf":{"@id":"https:\/\/www.cbm.uam.es\/index.php\/2024\/11\/08\/maria-mittelbrunn-nombrada-academica-correspondiente-de-la-real-academia-de-ciencias-exactas-fisicas-y-naturales\/"},"author":{"name":"Comunicaci\u00f3n CBM","@id":"https:\/\/www.cbm.uam.es\/?lang=es\/#\/schema\/person\/402eebd24a9ee63c097c8c4b6d8d993f"},"headline":"Mar\u00eda Mittelbrunn nombrada Acad\u00e9mica Correspondiente de la Real Academia de Ciencias Exactas, F\u00edsicas y Naturales","datePublished":"2024-11-08T09:25:31+00:00","dateModified":"2024-11-08T09:25:59+00:00","mainEntityOfPage":{"@id":"https:\/\/www.cbm.uam.es\/index.php\/2024\/11\/08\/maria-mittelbrunn-nombrada-academica-correspondiente-de-la-real-academia-de-ciencias-exactas-fisicas-y-naturales\/"},"wordCount":303,"publisher":{"@id":"https:\/\/www.cbm.uam.es\/?lang=es\/#organization"},"image":{"@id":"https:\/\/www.cbm.uam.es\/index.php\/2024\/11\/08\/maria-mittelbrunn-nombrada-academica-correspondiente-de-la-real-academia-de-ciencias-exactas-fisicas-y-naturales\/#primaryimage"},"thumbnailUrl":"https:\/\/www.cbm.uam.es\/wp-content\/uploads\/2024\/11\/2716.jpg","articleSection":["News"],"inLanguage":"en-US"},{"@type":"WebPage","@id":"https:\/\/www.cbm.uam.es\/index.php\/2024\/11\/08\/maria-mittelbrunn-nombrada-academica-correspondiente-de-la-real-academia-de-ciencias-exactas-fisicas-y-naturales\/","url":"https:\/\/www.cbm.uam.es\/index.php\/2024\/11\/08\/maria-mittelbrunn-nombrada-academica-correspondiente-de-la-real-academia-de-ciencias-exactas-fisicas-y-naturales\/","name":"Mar\u00eda Mittelbrunn nombrada Acad\u00e9mica Correspondiente de la Real Academia de Ciencias Exactas, F\u00edsicas y Naturales - Centro de Biolog\u00eda Molecular Severo Ochoa","isPartOf":{"@id":"https:\/\/www.cbm.uam.es\/?lang=es\/#website"},"primaryImageOfPage":{"@id":"https:\/\/www.cbm.uam.es\/index.php\/2024\/11\/08\/maria-mittelbrunn-nombrada-academica-correspondiente-de-la-real-academia-de-ciencias-exactas-fisicas-y-naturales\/#primaryimage"},"image":{"@id":"https:\/\/www.cbm.uam.es\/index.php\/2024\/11\/08\/maria-mittelbrunn-nombrada-academica-correspondiente-de-la-real-academia-de-ciencias-exactas-fisicas-y-naturales\/#primaryimage"},"thumbnailUrl":"https:\/\/www.cbm.uam.es\/wp-content\/uploads\/2024\/11\/2716.jpg","datePublished":"2024-11-08T09:25:31+00:00","dateModified":"2024-11-08T09:25:59+00:00","breadcrumb":{"@id":"https:\/\/www.cbm.uam.es\/index.php\/2024\/11\/08\/maria-mittelbrunn-nombrada-academica-correspondiente-de-la-real-academia-de-ciencias-exactas-fisicas-y-naturales\/#breadcrumb"},"inLanguage":"en-US","potentialAction":[{"@type":"ReadAction","target":["https:\/\/www.cbm.uam.es\/index.php\/2024\/11\/08\/maria-mittelbrunn-nombrada-academica-correspondiente-de-la-real-academia-de-ciencias-exactas-fisicas-y-naturales\/"]}]},{"@type":"ImageObject","inLanguage":"en-US","@id":"https:\/\/www.cbm.uam.es\/index.php\/2024\/11\/08\/maria-mittelbrunn-nombrada-academica-correspondiente-de-la-real-academia-de-ciencias-exactas-fisicas-y-naturales\/#primaryimage","url":"https:\/\/www.cbm.uam.es\/wp-content\/uploads\/2024\/11\/2716.jpg","contentUrl":"https:\/\/www.cbm.uam.es\/wp-content\/uploads\/2024\/11\/2716.jpg","width":800,"height":800},{"@type":"BreadcrumbList","@id":"https:\/\/www.cbm.uam.es\/index.php\/2024\/11\/08\/maria-mittelbrunn-nombrada-academica-correspondiente-de-la-real-academia-de-ciencias-exactas-fisicas-y-naturales\/#breadcrumb","itemListElement":[{"@type":"ListItem","position":1,"name":"Portada","item":"https:\/\/www.cbm.uam.es\/"},{"@type":"ListItem","position":2,"name":"Mar\u00eda Mittelbrunn nombrada Acad\u00e9mica Correspondiente de la Real Academia de Ciencias Exactas, F\u00edsicas y Naturales"}]},{"@type":"WebSite","@id":"https:\/\/www.cbm.uam.es\/?lang=es\/#website","url":"https:\/\/www.cbm.uam.es\/?lang=es\/","name":"Centro de Biolog\u00eda Molecular Severo Ochoa","description":"Official website of the CBM, CSIC - UAM. Biomedical research centre.","publisher":{"@id":"https:\/\/www.cbm.uam.es\/?lang=es\/#organization"},"potentialAction":[{"@type":"SearchAction","target":{"@type":"EntryPoint","urlTemplate":"https:\/\/www.cbm.uam.es\/?lang=es\/?s={search_term_string}"},"query-input":{"@type":"PropertyValueSpecification","valueRequired":true,"valueName":"search_term_string"}}],"inLanguage":"en-US"},{"@type":"Organization","@id":"https:\/\/www.cbm.uam.es\/?lang=es\/#organization","name":"Centro de Biolog\u00eda Molecular Severo Ochoa","url":"https:\/\/www.cbm.uam.es\/?lang=es\/","logo":{"@type":"ImageObject","inLanguage":"en-US","@id":"https:\/\/www.cbm.uam.es\/?lang=es\/#\/schema\/logo\/image\/","url":"https:\/\/www.cbm.uam.es\/wp-content\/uploads\/2024\/11\/Logo-CBM-color-fondo-transparente.png","contentUrl":"https:\/\/www.cbm.uam.es\/wp-content\/uploads\/2024\/11\/Logo-CBM-color-fondo-transparente.png","width":800,"height":342,"caption":"Centro de Biolog\u00eda Molecular Severo Ochoa"},"image":{"@id":"https:\/\/www.cbm.uam.es\/?lang=es\/#\/schema\/logo\/image\/"}},{"@type":"Person","@id":"https:\/\/www.cbm.uam.es\/?lang=es\/#\/schema\/person\/402eebd24a9ee63c097c8c4b6d8d993f","name":"Comunicaci\u00f3n CBM","image":{"@type":"ImageObject","inLanguage":"en-US","@id":"https:\/\/secure.gravatar.com\/avatar\/de6b5676f8fd159f4954e2b189afeb8eb02394577af3fac160cf1d46d84862d7?s=96&d=mm&r=g","url":"https:\/\/secure.gravatar.com\/avatar\/de6b5676f8fd159f4954e2b189afeb8eb02394577af3fac160cf1d46d84862d7?s=96&d=mm&r=g","contentUrl":"https:\/\/secure.gravatar.com\/avatar\/de6b5676f8fd159f4954e2b189afeb8eb02394577af3fac160cf1d46d84862d7?s=96&d=mm&r=g","caption":"Comunicaci\u00f3n CBM"},"url":"https:\/\/www.cbm.uam.es\/index.php\/author\/comunicacion\/"}]}},"_links":{"self":[{"href":"https:\/\/www.cbm.uam.es\/index.php\/wp-json\/wp\/v2\/posts\/287202","targetHints":{"allow":["GET"]}}],"collection":[{"href":"https:\/\/www.cbm.uam.es\/index.php\/wp-json\/wp\/v2\/posts"}],"about":[{"href":"https:\/\/www.cbm.uam.es\/index.php\/wp-json\/wp\/v2\/types\/post"}],"author":[{"embeddable":true,"href":"https:\/\/www.cbm.uam.es\/index.php\/wp-json\/wp\/v2\/users\/5"}],"replies":[{"embeddable":true,"href":"https:\/\/www.cbm.uam.es\/index.php\/wp-json\/wp\/v2\/comments?post=287202"}],"version-history":[{"count":0,"href":"https:\/\/www.cbm.uam.es\/index.php\/wp-json\/wp\/v2\/posts\/287202\/revisions"}],"wp:featuredmedia":[{"embeddable":true,"href":"https:\/\/www.cbm.uam.es\/index.php\/wp-json\/wp\/v2\/media\/287211"}],"wp:attachment":[{"href":"https:\/\/www.cbm.uam.es\/index.php\/wp-json\/wp\/v2\/media?parent=287202"}],"wp:term":[{"taxonomy":"category","embeddable":true,"href":"https:\/\/www.cbm.uam.es\/index.php\/wp-json\/wp\/v2\/categories?post=287202"},{"taxonomy":"post_tag","embeddable":true,"href":"https:\/\/www.cbm.uam.es\/index.php\/wp-json\/wp\/v2\/tags?post=287202"}],"curies":[{"name":"wp","href":"https:\/\/api.w.org\/{rel}","templated":true}]}}