{"id":288826,"date":"2024-12-20T15:40:07","date_gmt":"2024-12-20T14:40:07","guid":{"rendered":"https:\/\/www.cbm.uam.es\/?p=288826"},"modified":"2025-01-16T17:22:02","modified_gmt":"2025-01-16T16:22:02","slug":"fallece-federico-mayor-zaragoza-fundador-del-cbm","status":"publish","type":"post","link":"https:\/\/www.cbm.uam.es\/index.php\/2024\/12\/20\/fallece-federico-mayor-zaragoza-fundador-del-cbm\/","title":{"rendered":"Fallece Federico Mayor Zaragoza, fundador del CBM"},"content":{"rendered":"<p>En <strong>Granada<\/strong>\u00a0estableci\u00f3 un <strong>grupo de investigaci\u00f3n<\/strong> pionero para el an\u00e1lisis de <strong>enfermedades metab\u00f3licas hereditarias<\/strong>, cuyas contribuciones traslad\u00f3 posteriormente a <strong>Madrid<\/strong>. Esta labor fue crucial para prevenir y tratar m\u00faltiples enfermedades, como se refleja en el documental <em>\u201cLa vida en una gota\u201d<\/em>, en el que aparece de manera discreta.<\/p>\n<p>En Madrid, fue <strong>cofundador del Centro de Biolog\u00eda Molecular Severo Ochoa (CBM)<\/strong>, desempe\u00f1\u00e1ndose como su <strong>primer director<\/strong>. Consciente de la importancia de dotar al centro de una estructura eficiente y de apoyo financiero, impuls\u00f3 la creaci\u00f3n de la <strong>Fundaci\u00f3n Severo Ochoa<\/strong>. Adem\u00e1s, desarroll\u00f3 una fruct\u00edfera labor docente en la <strong>Universidad Aut\u00f3noma de Madrid (UAM)<\/strong> y, de manera transitoria, asumi\u00f3 la presidencia del <strong>Consejo Superior de Investigaciones Cient\u00edficas (CSIC)<\/strong>. Su gesti\u00f3n dej\u00f3 una profunda huella en la ciencia espa\u00f1ola.<\/p>\n<p>Posteriormente, ejerci\u00f3 como <strong>Ministro de Educaci\u00f3n y Ciencia<\/strong> en el gobierno espa\u00f1ol. M\u00e1s tarde, en su etapa en <strong>Par\u00eds<\/strong> como <strong>Director General de la UNESCO<\/strong>, trabaj\u00f3 incansablemente en favor del desarrollo cultural y econ\u00f3mico de los pa\u00edses m\u00e1s desfavorecidos, a menudo enfrentando las reticencias de las grandes potencias.<\/p>\n<p>De regreso a <strong>Madrid<\/strong>, sigui\u00f3 respaldando al CBM y desempe\u00f1\u00f3 una labor destacada en la <strong>Fundaci\u00f3n Ram\u00f3n Areces<\/strong>. Finalmente, fund\u00f3 la <strong>Fundaci\u00f3n Cultura de la Paz<\/strong>, promoviendo los valores de di\u00e1logo y entendimiento.<\/p>\n<p>Don Federico fue una persona de extraordinaria <strong>brillantez, generosidad y buena fe<\/strong>. En sus charlas y clases, se caracteriz\u00f3 por su claridad, ingenio y rapidez de respuesta. En el trabajo, siempre antepuso el <strong>bien com\u00fan<\/strong> a los intereses individuales. Era una persona \u00edntegra y confiable, cuyas cualidades humanas y su dedicaci\u00f3n al trabajo dejan una marca imborrable.<\/p>\n<p>Gracias a su labor, el <strong>Centro de Biolog\u00eda Molecular Severo Ochoa<\/strong> es hoy uno de los centros de investigaci\u00f3n m\u00e1s relevantes de Espa\u00f1a. Su ausencia se sentir\u00e1 no solo en el CBM, sino tambi\u00e9n en todos los \u00e1mbitos donde despleg\u00f3 su compromiso y talento.<\/p>\n<p>Don Federico Mayor Zaragoza fue un <strong>profesional ejemplar<\/strong>, un ser humano excepcional y alguien que sigui\u00f3 fielmente el principio que <strong>Santiago Ram\u00f3n y Cajal<\/strong> estableci\u00f3 para los cient\u00edficos: <em>\u201cSer m\u00e1s sabio que soberbio\u201d<\/em>.<\/p>\n<p>&nbsp;<\/p>\n<p>Jes\u00fas \u00c1vila de Grado, Presidente Fundaci\u00f3n Severo Ochoa<\/p>\n<p>Paola Bovolenta, Directora CBM<\/p>\n<p>&nbsp;<\/p>\n","protected":false},"excerpt":{"rendered":"<p>En Granada\u00a0estableci\u00f3 un grupo de investigaci\u00f3n pionero para el an\u00e1lisis de enfermedades metab\u00f3licas hereditarias, cuyas contribuciones traslad\u00f3 posteriormente a Madrid. Esta labor fue crucial para prevenir y tratar m\u00faltiples enfermedades, [&hellip;]<\/p>\n","protected":false},"author":5,"featured_media":288828,"comment_status":"closed","ping_status":"open","sticky":false,"template":"","format":"standard","meta":{"_et_pb_use_builder":"","_et_pb_old_content":"","_et_gb_content_width":"","footnotes":""},"categories":[44],"tags":[],"class_list":["post-288826","post","type-post","status-publish","format-standard","has-post-thumbnail","hentry","category-news"],"yoast_head":"<!-- This site is optimized with the Yoast SEO plugin v27.4 - https:\/\/yoast.com\/product\/yoast-seo-wordpress\/ -->\n<title>Fallece Federico Mayor Zaragoza, fundador del CBM - Centro de Biolog\u00eda Molecular Severo Ochoa<\/title>\n<meta name=\"robots\" content=\"index, follow, max-snippet:-1, max-image-preview:large, max-video-preview:-1\" \/>\n<link rel=\"canonical\" href=\"https:\/\/www.cbm.uam.es\/index.php\/2024\/12\/20\/fallece-federico-mayor-zaragoza-fundador-del-cbm\/\" \/>\n<meta property=\"og:locale\" content=\"en_US\" \/>\n<meta property=\"og:type\" content=\"article\" \/>\n<meta property=\"og:title\" content=\"Fallece Federico Mayor Zaragoza, fundador del CBM - Centro de Biolog\u00eda Molecular Severo Ochoa\" \/>\n<meta property=\"og:description\" content=\"En Granada\u00a0estableci\u00f3 un grupo de investigaci\u00f3n pionero para el an\u00e1lisis de enfermedades metab\u00f3licas hereditarias, cuyas contribuciones traslad\u00f3 posteriormente a Madrid. Esta labor fue crucial para prevenir y tratar m\u00faltiples enfermedades, [&hellip;]\" \/>\n<meta property=\"og:url\" content=\"https:\/\/www.cbm.uam.es\/index.php\/2024\/12\/20\/fallece-federico-mayor-zaragoza-fundador-del-cbm\/\" \/>\n<meta property=\"og:site_name\" content=\"Centro de Biolog\u00eda Molecular Severo Ochoa\" \/>\n<meta property=\"article:published_time\" content=\"2024-12-20T14:40:07+00:00\" \/>\n<meta property=\"article:modified_time\" content=\"2025-01-16T16:22:02+00:00\" \/>\n<meta property=\"og:image\" content=\"https:\/\/www.cbm.uam.es\/wp-content\/uploads\/2024\/12\/Carteles-para-pantalla.jpg\" \/>\n\t<meta property=\"og:image:width\" content=\"1920\" \/>\n\t<meta property=\"og:image:height\" content=\"1080\" \/>\n\t<meta property=\"og:image:type\" content=\"image\/jpeg\" \/>\n<meta name=\"author\" content=\"Comunicaci\u00f3n CBM\" \/>\n<meta name=\"twitter:card\" content=\"summary_large_image\" \/>\n<meta name=\"twitter:label1\" content=\"Written by\" \/>\n\t<meta name=\"twitter:data1\" content=\"Comunicaci\u00f3n CBM\" \/>\n\t<meta name=\"twitter:label2\" content=\"Est. reading time\" \/>\n\t<meta name=\"twitter:data2\" content=\"2 minutes\" \/>\n<script type=\"application\/ld+json\" class=\"yoast-schema-graph\">{\"@context\":\"https:\\\/\\\/schema.org\",\"@graph\":[{\"@type\":\"Article\",\"@id\":\"https:\\\/\\\/www.cbm.uam.es\\\/index.php\\\/2024\\\/12\\\/20\\\/fallece-federico-mayor-zaragoza-fundador-del-cbm\\\/#article\",\"isPartOf\":{\"@id\":\"https:\\\/\\\/www.cbm.uam.es\\\/index.php\\\/2024\\\/12\\\/20\\\/fallece-federico-mayor-zaragoza-fundador-del-cbm\\\/\"},\"author\":{\"name\":\"Comunicaci\u00f3n CBM\",\"@id\":\"https:\\\/\\\/www.cbm.uam.es\\\/?lang=es\\\/#\\\/schema\\\/person\\\/402eebd24a9ee63c097c8c4b6d8d993f\"},\"headline\":\"Fallece Federico Mayor Zaragoza, fundador del CBM\",\"datePublished\":\"2024-12-20T14:40:07+00:00\",\"dateModified\":\"2025-01-16T16:22:02+00:00\",\"mainEntityOfPage\":{\"@id\":\"https:\\\/\\\/www.cbm.uam.es\\\/index.php\\\/2024\\\/12\\\/20\\\/fallece-federico-mayor-zaragoza-fundador-del-cbm\\\/\"},\"wordCount\":400,\"publisher\":{\"@id\":\"https:\\\/\\\/www.cbm.uam.es\\\/?lang=es\\\/#organization\"},\"image\":{\"@id\":\"https:\\\/\\\/www.cbm.uam.es\\\/index.php\\\/2024\\\/12\\\/20\\\/fallece-federico-mayor-zaragoza-fundador-del-cbm\\\/#primaryimage\"},\"thumbnailUrl\":\"https:\\\/\\\/www.cbm.uam.es\\\/wp-content\\\/uploads\\\/2024\\\/12\\\/Carteles-para-pantalla.jpg\",\"articleSection\":[\"News\"],\"inLanguage\":\"en-US\"},{\"@type\":\"WebPage\",\"@id\":\"https:\\\/\\\/www.cbm.uam.es\\\/index.php\\\/2024\\\/12\\\/20\\\/fallece-federico-mayor-zaragoza-fundador-del-cbm\\\/\",\"url\":\"https:\\\/\\\/www.cbm.uam.es\\\/index.php\\\/2024\\\/12\\\/20\\\/fallece-federico-mayor-zaragoza-fundador-del-cbm\\\/\",\"name\":\"Fallece Federico Mayor Zaragoza, fundador del CBM - Centro de Biolog\u00eda Molecular Severo Ochoa\",\"isPartOf\":{\"@id\":\"https:\\\/\\\/www.cbm.uam.es\\\/?lang=es\\\/#website\"},\"primaryImageOfPage\":{\"@id\":\"https:\\\/\\\/www.cbm.uam.es\\\/index.php\\\/2024\\\/12\\\/20\\\/fallece-federico-mayor-zaragoza-fundador-del-cbm\\\/#primaryimage\"},\"image\":{\"@id\":\"https:\\\/\\\/www.cbm.uam.es\\\/index.php\\\/2024\\\/12\\\/20\\\/fallece-federico-mayor-zaragoza-fundador-del-cbm\\\/#primaryimage\"},\"thumbnailUrl\":\"https:\\\/\\\/www.cbm.uam.es\\\/wp-content\\\/uploads\\\/2024\\\/12\\\/Carteles-para-pantalla.jpg\",\"datePublished\":\"2024-12-20T14:40:07+00:00\",\"dateModified\":\"2025-01-16T16:22:02+00:00\",\"breadcrumb\":{\"@id\":\"https:\\\/\\\/www.cbm.uam.es\\\/index.php\\\/2024\\\/12\\\/20\\\/fallece-federico-mayor-zaragoza-fundador-del-cbm\\\/#breadcrumb\"},\"inLanguage\":\"en-US\",\"potentialAction\":[{\"@type\":\"ReadAction\",\"target\":[\"https:\\\/\\\/www.cbm.uam.es\\\/index.php\\\/2024\\\/12\\\/20\\\/fallece-federico-mayor-zaragoza-fundador-del-cbm\\\/\"]}]},{\"@type\":\"ImageObject\",\"inLanguage\":\"en-US\",\"@id\":\"https:\\\/\\\/www.cbm.uam.es\\\/index.php\\\/2024\\\/12\\\/20\\\/fallece-federico-mayor-zaragoza-fundador-del-cbm\\\/#primaryimage\",\"url\":\"https:\\\/\\\/www.cbm.uam.es\\\/wp-content\\\/uploads\\\/2024\\\/12\\\/Carteles-para-pantalla.jpg\",\"contentUrl\":\"https:\\\/\\\/www.cbm.uam.es\\\/wp-content\\\/uploads\\\/2024\\\/12\\\/Carteles-para-pantalla.jpg\",\"width\":1920,\"height\":1080},{\"@type\":\"BreadcrumbList\",\"@id\":\"https:\\\/\\\/www.cbm.uam.es\\\/index.php\\\/2024\\\/12\\\/20\\\/fallece-federico-mayor-zaragoza-fundador-del-cbm\\\/#breadcrumb\",\"itemListElement\":[{\"@type\":\"ListItem\",\"position\":1,\"name\":\"Portada\",\"item\":\"https:\\\/\\\/www.cbm.uam.es\\\/\"},{\"@type\":\"ListItem\",\"position\":2,\"name\":\"Fallece Federico Mayor Zaragoza, fundador del CBM\"}]},{\"@type\":\"WebSite\",\"@id\":\"https:\\\/\\\/www.cbm.uam.es\\\/?lang=es\\\/#website\",\"url\":\"https:\\\/\\\/www.cbm.uam.es\\\/?lang=es\\\/\",\"name\":\"Centro de Biolog\u00eda Molecular Severo Ochoa\",\"description\":\"Official website of the CBM, CSIC - UAM. Biomedical research centre.\",\"publisher\":{\"@id\":\"https:\\\/\\\/www.cbm.uam.es\\\/?lang=es\\\/#organization\"},\"potentialAction\":[{\"@type\":\"SearchAction\",\"target\":{\"@type\":\"EntryPoint\",\"urlTemplate\":\"https:\\\/\\\/www.cbm.uam.es\\\/?lang=es\\\/?s={search_term_string}\"},\"query-input\":{\"@type\":\"PropertyValueSpecification\",\"valueRequired\":true,\"valueName\":\"search_term_string\"}}],\"inLanguage\":\"en-US\"},{\"@type\":\"Organization\",\"@id\":\"https:\\\/\\\/www.cbm.uam.es\\\/?lang=es\\\/#organization\",\"name\":\"Centro de Biolog\u00eda Molecular Severo Ochoa\",\"url\":\"https:\\\/\\\/www.cbm.uam.es\\\/?lang=es\\\/\",\"logo\":{\"@type\":\"ImageObject\",\"inLanguage\":\"en-US\",\"@id\":\"https:\\\/\\\/www.cbm.uam.es\\\/?lang=es\\\/#\\\/schema\\\/logo\\\/image\\\/\",\"url\":\"https:\\\/\\\/www.cbm.uam.es\\\/wp-content\\\/uploads\\\/2024\\\/11\\\/Logo-CBM-color-fondo-transparente.png\",\"contentUrl\":\"https:\\\/\\\/www.cbm.uam.es\\\/wp-content\\\/uploads\\\/2024\\\/11\\\/Logo-CBM-color-fondo-transparente.png\",\"width\":800,\"height\":342,\"caption\":\"Centro de Biolog\u00eda Molecular Severo Ochoa\"},\"image\":{\"@id\":\"https:\\\/\\\/www.cbm.uam.es\\\/?lang=es\\\/#\\\/schema\\\/logo\\\/image\\\/\"}},{\"@type\":\"Person\",\"@id\":\"https:\\\/\\\/www.cbm.uam.es\\\/?lang=es\\\/#\\\/schema\\\/person\\\/402eebd24a9ee63c097c8c4b6d8d993f\",\"name\":\"Comunicaci\u00f3n CBM\",\"image\":{\"@type\":\"ImageObject\",\"inLanguage\":\"en-US\",\"@id\":\"https:\\\/\\\/secure.gravatar.com\\\/avatar\\\/de6b5676f8fd159f4954e2b189afeb8eb02394577af3fac160cf1d46d84862d7?s=96&d=mm&r=g\",\"url\":\"https:\\\/\\\/secure.gravatar.com\\\/avatar\\\/de6b5676f8fd159f4954e2b189afeb8eb02394577af3fac160cf1d46d84862d7?s=96&d=mm&r=g\",\"contentUrl\":\"https:\\\/\\\/secure.gravatar.com\\\/avatar\\\/de6b5676f8fd159f4954e2b189afeb8eb02394577af3fac160cf1d46d84862d7?s=96&d=mm&r=g\",\"caption\":\"Comunicaci\u00f3n CBM\"},\"url\":\"https:\\\/\\\/www.cbm.uam.es\\\/index.php\\\/author\\\/comunicacion\\\/\"}]}<\/script>\n<!-- \/ Yoast SEO plugin. -->","yoast_head_json":{"title":"Fallece Federico Mayor Zaragoza, fundador del CBM - Centro de Biolog\u00eda Molecular Severo Ochoa","robots":{"index":"index","follow":"follow","max-snippet":"max-snippet:-1","max-image-preview":"max-image-preview:large","max-video-preview":"max-video-preview:-1"},"canonical":"https:\/\/www.cbm.uam.es\/index.php\/2024\/12\/20\/fallece-federico-mayor-zaragoza-fundador-del-cbm\/","og_locale":"en_US","og_type":"article","og_title":"Fallece Federico Mayor Zaragoza, fundador del CBM - Centro de Biolog\u00eda Molecular Severo Ochoa","og_description":"En Granada\u00a0estableci\u00f3 un grupo de investigaci\u00f3n pionero para el an\u00e1lisis de enfermedades metab\u00f3licas hereditarias, cuyas contribuciones traslad\u00f3 posteriormente a Madrid. Esta labor fue crucial para prevenir y tratar m\u00faltiples enfermedades, [&hellip;]","og_url":"https:\/\/www.cbm.uam.es\/index.php\/2024\/12\/20\/fallece-federico-mayor-zaragoza-fundador-del-cbm\/","og_site_name":"Centro de Biolog\u00eda Molecular Severo Ochoa","article_published_time":"2024-12-20T14:40:07+00:00","article_modified_time":"2025-01-16T16:22:02+00:00","og_image":[{"width":1920,"height":1080,"url":"https:\/\/www.cbm.uam.es\/wp-content\/uploads\/2024\/12\/Carteles-para-pantalla.jpg","type":"image\/jpeg"}],"author":"Comunicaci\u00f3n CBM","twitter_card":"summary_large_image","twitter_misc":{"Written by":"Comunicaci\u00f3n CBM","Est. reading time":"2 minutes"},"schema":{"@context":"https:\/\/schema.org","@graph":[{"@type":"Article","@id":"https:\/\/www.cbm.uam.es\/index.php\/2024\/12\/20\/fallece-federico-mayor-zaragoza-fundador-del-cbm\/#article","isPartOf":{"@id":"https:\/\/www.cbm.uam.es\/index.php\/2024\/12\/20\/fallece-federico-mayor-zaragoza-fundador-del-cbm\/"},"author":{"name":"Comunicaci\u00f3n CBM","@id":"https:\/\/www.cbm.uam.es\/?lang=es\/#\/schema\/person\/402eebd24a9ee63c097c8c4b6d8d993f"},"headline":"Fallece Federico Mayor Zaragoza, fundador del CBM","datePublished":"2024-12-20T14:40:07+00:00","dateModified":"2025-01-16T16:22:02+00:00","mainEntityOfPage":{"@id":"https:\/\/www.cbm.uam.es\/index.php\/2024\/12\/20\/fallece-federico-mayor-zaragoza-fundador-del-cbm\/"},"wordCount":400,"publisher":{"@id":"https:\/\/www.cbm.uam.es\/?lang=es\/#organization"},"image":{"@id":"https:\/\/www.cbm.uam.es\/index.php\/2024\/12\/20\/fallece-federico-mayor-zaragoza-fundador-del-cbm\/#primaryimage"},"thumbnailUrl":"https:\/\/www.cbm.uam.es\/wp-content\/uploads\/2024\/12\/Carteles-para-pantalla.jpg","articleSection":["News"],"inLanguage":"en-US"},{"@type":"WebPage","@id":"https:\/\/www.cbm.uam.es\/index.php\/2024\/12\/20\/fallece-federico-mayor-zaragoza-fundador-del-cbm\/","url":"https:\/\/www.cbm.uam.es\/index.php\/2024\/12\/20\/fallece-federico-mayor-zaragoza-fundador-del-cbm\/","name":"Fallece Federico Mayor Zaragoza, fundador del CBM - Centro de Biolog\u00eda Molecular Severo Ochoa","isPartOf":{"@id":"https:\/\/www.cbm.uam.es\/?lang=es\/#website"},"primaryImageOfPage":{"@id":"https:\/\/www.cbm.uam.es\/index.php\/2024\/12\/20\/fallece-federico-mayor-zaragoza-fundador-del-cbm\/#primaryimage"},"image":{"@id":"https:\/\/www.cbm.uam.es\/index.php\/2024\/12\/20\/fallece-federico-mayor-zaragoza-fundador-del-cbm\/#primaryimage"},"thumbnailUrl":"https:\/\/www.cbm.uam.es\/wp-content\/uploads\/2024\/12\/Carteles-para-pantalla.jpg","datePublished":"2024-12-20T14:40:07+00:00","dateModified":"2025-01-16T16:22:02+00:00","breadcrumb":{"@id":"https:\/\/www.cbm.uam.es\/index.php\/2024\/12\/20\/fallece-federico-mayor-zaragoza-fundador-del-cbm\/#breadcrumb"},"inLanguage":"en-US","potentialAction":[{"@type":"ReadAction","target":["https:\/\/www.cbm.uam.es\/index.php\/2024\/12\/20\/fallece-federico-mayor-zaragoza-fundador-del-cbm\/"]}]},{"@type":"ImageObject","inLanguage":"en-US","@id":"https:\/\/www.cbm.uam.es\/index.php\/2024\/12\/20\/fallece-federico-mayor-zaragoza-fundador-del-cbm\/#primaryimage","url":"https:\/\/www.cbm.uam.es\/wp-content\/uploads\/2024\/12\/Carteles-para-pantalla.jpg","contentUrl":"https:\/\/www.cbm.uam.es\/wp-content\/uploads\/2024\/12\/Carteles-para-pantalla.jpg","width":1920,"height":1080},{"@type":"BreadcrumbList","@id":"https:\/\/www.cbm.uam.es\/index.php\/2024\/12\/20\/fallece-federico-mayor-zaragoza-fundador-del-cbm\/#breadcrumb","itemListElement":[{"@type":"ListItem","position":1,"name":"Portada","item":"https:\/\/www.cbm.uam.es\/"},{"@type":"ListItem","position":2,"name":"Fallece Federico Mayor Zaragoza, fundador del CBM"}]},{"@type":"WebSite","@id":"https:\/\/www.cbm.uam.es\/?lang=es\/#website","url":"https:\/\/www.cbm.uam.es\/?lang=es\/","name":"Centro de Biolog\u00eda Molecular Severo Ochoa","description":"Official website of the CBM, CSIC - UAM. Biomedical research centre.","publisher":{"@id":"https:\/\/www.cbm.uam.es\/?lang=es\/#organization"},"potentialAction":[{"@type":"SearchAction","target":{"@type":"EntryPoint","urlTemplate":"https:\/\/www.cbm.uam.es\/?lang=es\/?s={search_term_string}"},"query-input":{"@type":"PropertyValueSpecification","valueRequired":true,"valueName":"search_term_string"}}],"inLanguage":"en-US"},{"@type":"Organization","@id":"https:\/\/www.cbm.uam.es\/?lang=es\/#organization","name":"Centro de Biolog\u00eda Molecular Severo Ochoa","url":"https:\/\/www.cbm.uam.es\/?lang=es\/","logo":{"@type":"ImageObject","inLanguage":"en-US","@id":"https:\/\/www.cbm.uam.es\/?lang=es\/#\/schema\/logo\/image\/","url":"https:\/\/www.cbm.uam.es\/wp-content\/uploads\/2024\/11\/Logo-CBM-color-fondo-transparente.png","contentUrl":"https:\/\/www.cbm.uam.es\/wp-content\/uploads\/2024\/11\/Logo-CBM-color-fondo-transparente.png","width":800,"height":342,"caption":"Centro de Biolog\u00eda Molecular Severo Ochoa"},"image":{"@id":"https:\/\/www.cbm.uam.es\/?lang=es\/#\/schema\/logo\/image\/"}},{"@type":"Person","@id":"https:\/\/www.cbm.uam.es\/?lang=es\/#\/schema\/person\/402eebd24a9ee63c097c8c4b6d8d993f","name":"Comunicaci\u00f3n CBM","image":{"@type":"ImageObject","inLanguage":"en-US","@id":"https:\/\/secure.gravatar.com\/avatar\/de6b5676f8fd159f4954e2b189afeb8eb02394577af3fac160cf1d46d84862d7?s=96&d=mm&r=g","url":"https:\/\/secure.gravatar.com\/avatar\/de6b5676f8fd159f4954e2b189afeb8eb02394577af3fac160cf1d46d84862d7?s=96&d=mm&r=g","contentUrl":"https:\/\/secure.gravatar.com\/avatar\/de6b5676f8fd159f4954e2b189afeb8eb02394577af3fac160cf1d46d84862d7?s=96&d=mm&r=g","caption":"Comunicaci\u00f3n CBM"},"url":"https:\/\/www.cbm.uam.es\/index.php\/author\/comunicacion\/"}]}},"_links":{"self":[{"href":"https:\/\/www.cbm.uam.es\/index.php\/wp-json\/wp\/v2\/posts\/288826","targetHints":{"allow":["GET"]}}],"collection":[{"href":"https:\/\/www.cbm.uam.es\/index.php\/wp-json\/wp\/v2\/posts"}],"about":[{"href":"https:\/\/www.cbm.uam.es\/index.php\/wp-json\/wp\/v2\/types\/post"}],"author":[{"embeddable":true,"href":"https:\/\/www.cbm.uam.es\/index.php\/wp-json\/wp\/v2\/users\/5"}],"replies":[{"embeddable":true,"href":"https:\/\/www.cbm.uam.es\/index.php\/wp-json\/wp\/v2\/comments?post=288826"}],"version-history":[{"count":0,"href":"https:\/\/www.cbm.uam.es\/index.php\/wp-json\/wp\/v2\/posts\/288826\/revisions"}],"wp:featuredmedia":[{"embeddable":true,"href":"https:\/\/www.cbm.uam.es\/index.php\/wp-json\/wp\/v2\/media\/288828"}],"wp:attachment":[{"href":"https:\/\/www.cbm.uam.es\/index.php\/wp-json\/wp\/v2\/media?parent=288826"}],"wp:term":[{"taxonomy":"category","embeddable":true,"href":"https:\/\/www.cbm.uam.es\/index.php\/wp-json\/wp\/v2\/categories?post=288826"},{"taxonomy":"post_tag","embeddable":true,"href":"https:\/\/www.cbm.uam.es\/index.php\/wp-json\/wp\/v2\/tags?post=288826"}],"curies":[{"name":"wp","href":"https:\/\/api.w.org\/{rel}","templated":true}]}}