{"id":290414,"date":"2025-05-08T10:46:37","date_gmt":"2025-05-08T08:46:37","guid":{"rendered":"https:\/\/www.cbm.uam.es\/?p=290414"},"modified":"2025-06-13T11:59:02","modified_gmt":"2025-06-13T09:59:02","slug":"la-fundacion-astrazeneca-y-el-centro-de-biologia-molecular-severo-ochoa-firman-un-acuerdo-para-impulsar-la-investigacion-cientifica-en-espana","status":"publish","type":"post","link":"https:\/\/www.cbm.uam.es\/index.php\/2025\/05\/08\/la-fundacion-astrazeneca-y-el-centro-de-biologia-molecular-severo-ochoa-firman-un-acuerdo-para-impulsar-la-investigacion-cientifica-en-espana\/","title":{"rendered":"La Fundaci\u00f3n AstraZeneca y el Centro de Biolog\u00eda Molecular Severo Ochoa firman un acuerdo para impulsar la investigaci\u00f3n cient\u00edfica en Espa\u00f1a"},"content":{"rendered":"<div id=\"meta-origin\" data-coolorigin=\"https%3A%2F%2Fdocumentos.sgai-pro.csic.es%2Fcool%2Fclipboard%3FWOPISrc%3Dhttps%253A%252F%252Fsaco.csic.es%252Findex.php%252Fapps%252Frichdocuments%252Fwopi%252Ffiles%252F453070995_oc2xy250xpkx%26ServerId%3Ddf86ed29%26ViewId%3D4%26Tag%3D2c9b4ee1acf020c9\">\n<p align=\"justify\"><span style=\"font-family: Arial, sans-serif;\"><span lang=\"es-ES\">La Fundaci\u00f3n AstraZeneca y la Fundaci\u00f3n Severo Ochoa, con sede en el Centro de Biolog\u00eda Molecular Severo Ochoa (CBM-CSIC-UAM), han firmado un convenio de colaboraci\u00f3n para llevar a cabo actividades que refuercen el compromiso de ambas entidades con la ciencia y la investigaci\u00f3n en Espa\u00f1a. Esta alianza supone un nuevo paso en el firme prop\u00f3sito de la Fundaci\u00f3n AstraZeneca y del CBM de promover el talento cient\u00edfico a trav\u00e9s de la colaboraci\u00f3n p\u00fablico-privada.<\/span><\/span><\/p>\n<p align=\"justify\"><span style=\"font-family: Arial, sans-serif;\"><span lang=\"es-ES\">El acuerdo permitir\u00e1 desarrollar acciones conjuntas destinadas a potenciar la cultura cient\u00edfica, apoyar proyectos de investigaci\u00f3n punteros y fomentar el talento joven en el \u00e1mbito biom\u00e9dico. En este contexto, <\/span><\/span><span style=\"font-family: Arial, sans-serif;\"><span lang=\"es-ES\"><b>Marta Moreno, vicepresidenta de la Fundaci\u00f3n AstraZeneca y directora de Asuntos Corporativos y Acceso al Mercado de AstraZeneca Espa\u00f1a<\/b><\/span><\/span><span style=\"font-family: Arial, sans-serif;\"><span lang=\"es-ES\">, ha se\u00f1alado que \u201c<\/span><\/span><span style=\"font-family: Arial, sans-serif;\"><span lang=\"es-ES\"><i>desde la Fundaci\u00f3n AstraZeneca apostamos por el impulso de la ciencia en Espa\u00f1a, colaborando con entidades de m\u00e1ximo prestigio como el CBM. Estamos convencidos de que, trabajando juntos, lograremos fortalecer la investigaci\u00f3n y seguir contribuyendo al progreso cient\u00edfico que tanto beneficio aporta a nuestra sociedad\u201d<\/i><\/span><\/span><span style=\"font-family: Arial, sans-serif;\"><span lang=\"es-ES\">.<\/span><\/span><\/p>\n<p align=\"justify\"><img decoding=\"async\" class=\"size-full wp-image-290415 aligncenter\" src=\"https:\/\/www.cbm.uam.es\/wp-content\/uploads\/2025\/05\/IMG_6952-scaled.jpg\" alt=\"\" width=\"2560\" height=\"1707\" srcset=\"https:\/\/www.cbm.uam.es\/wp-content\/uploads\/2025\/05\/IMG_6952-scaled.jpg 2560w, https:\/\/www.cbm.uam.es\/wp-content\/uploads\/2025\/05\/IMG_6952-1280x854.jpg 1280w, https:\/\/www.cbm.uam.es\/wp-content\/uploads\/2025\/05\/IMG_6952-980x653.jpg 980w, https:\/\/www.cbm.uam.es\/wp-content\/uploads\/2025\/05\/IMG_6952-480x320.jpg 480w\" sizes=\"(min-width: 0px) and (max-width: 480px) 480px, (min-width: 481px) and (max-width: 980px) 980px, (min-width: 981px) and (max-width: 1280px) 1280px, (min-width: 1281px) 2560px, 100vw\" \/><\/p>\n<h6 class=\"p1\">El Dr. Jes\u00fas \u00c1vila, presidente de la Fundaci\u00f3n Severo Ochoa e investigador del CBM, y Marta Moreno, vicepresidenta de la Fundaci\u00f3n AstraZeneca y directora de Asuntos Corporativos y Acceso al Mercado de AstraZeneca Espa\u00f1a.<\/h6>\n<p>&nbsp;<\/p>\n<p align=\"justify\"><span style=\"font-family: Arial, sans-serif;\"><span lang=\"es-ES\">La Fundaci\u00f3n AstraZeneca se centra en impulsar la ciencia y la investigaci\u00f3n en Espa\u00f1a mediante el apoyo a investigadores, instituciones y proyectos que contribuyan a mejorar la calidad de vida y el bienestar de las personas. Por su parte, el Centro de Biolog\u00eda Molecular Severo Ochoa, centro mixto del CSIC y la Universidad Aut\u00f3noma de Madrid, es una instituci\u00f3n de referencia internacional en investigaci\u00f3n b\u00e1sica en biolog\u00eda molecular y celular, con una larga tradici\u00f3n de excelencia cient\u00edfica.<\/span><\/span><\/p>\n<p align=\"justify\"><span style=\"font-family: Arial, sans-serif;\"><span lang=\"es-ES\">En este sentido, la <\/span><\/span><span style=\"font-family: Arial, sans-serif;\"><span lang=\"es-ES\"><b>Dra. Paola Bovolenta Nicolao, directora del CBM<\/b><\/span><\/span><span style=\"font-family: Arial, sans-serif;\"><span lang=\"es-ES\">, ha destacado que \u201c<\/span><\/span><span style=\"font-family: Arial, sans-serif;\"><i>este acuerdo refuerza la vocaci\u00f3n del Centro de Biolog\u00eda Molecular Severo Ochoa por generar conocimiento de excelencia con una clara proyecci\u00f3n hacia la sociedad. Nuestro centro no solo lidera investigaci\u00f3n b\u00e1sica de alto nivel, sino que mantiene un firme compromiso con la transferencia del conocimiento, como lo demuestran varias de nuestras patentes con alto impacto en los campos de la biomedicina y la biotecnolog\u00eda. Colaborar con la Fundaci\u00f3n AstraZeneca nos permitir\u00e1 seguir avanzando en esta direcci\u00f3n con mayor eficacia. Se trata de que el conocimiento que generamos en los laboratorios pueda transformarse en soluciones reales que mejoren la salud y la calidad de vida de las personas<\/i><\/span><span style=\"font-family: Arial, sans-serif;\"><span lang=\"es-ES\">\u201d.<\/span><\/span><\/p>\n<\/div>\n","protected":false},"excerpt":{"rendered":"<p>La Fundaci\u00f3n AstraZeneca y la Fundaci\u00f3n Severo Ochoa, con sede en el Centro de Biolog\u00eda Molecular Severo Ochoa (CBM-CSIC-UAM), han firmado un convenio de colaboraci\u00f3n para llevar a cabo actividades [&hellip;]<\/p>\n","protected":false},"author":5,"featured_media":290417,"comment_status":"closed","ping_status":"open","sticky":false,"template":"","format":"standard","meta":{"_et_pb_use_builder":"","_et_pb_old_content":"","_et_gb_content_width":"","footnotes":""},"categories":[44],"tags":[],"class_list":["post-290414","post","type-post","status-publish","format-standard","has-post-thumbnail","hentry","category-news"],"yoast_head":"<!-- This site is optimized with the Yoast SEO plugin v27.4 - https:\/\/yoast.com\/product\/yoast-seo-wordpress\/ -->\n<title>La Fundaci\u00f3n AstraZeneca y el Centro de Biolog\u00eda Molecular Severo Ochoa firman un acuerdo para impulsar la investigaci\u00f3n cient\u00edfica en Espa\u00f1a - Centro de Biolog\u00eda Molecular Severo Ochoa<\/title>\n<meta name=\"robots\" content=\"index, follow, max-snippet:-1, max-image-preview:large, max-video-preview:-1\" \/>\n<link rel=\"canonical\" href=\"https:\/\/www.cbm.uam.es\/index.php\/2025\/05\/08\/la-fundacion-astrazeneca-y-el-centro-de-biologia-molecular-severo-ochoa-firman-un-acuerdo-para-impulsar-la-investigacion-cientifica-en-espana\/\" \/>\n<meta property=\"og:locale\" content=\"en_US\" \/>\n<meta property=\"og:type\" content=\"article\" \/>\n<meta property=\"og:title\" content=\"La Fundaci\u00f3n AstraZeneca y el Centro de Biolog\u00eda Molecular Severo Ochoa firman un acuerdo para impulsar la investigaci\u00f3n cient\u00edfica en Espa\u00f1a - Centro de Biolog\u00eda Molecular Severo Ochoa\" \/>\n<meta property=\"og:description\" content=\"La Fundaci\u00f3n AstraZeneca y la Fundaci\u00f3n Severo Ochoa, con sede en el Centro de Biolog\u00eda Molecular Severo Ochoa (CBM-CSIC-UAM), han firmado un convenio de colaboraci\u00f3n para llevar a cabo actividades [&hellip;]\" \/>\n<meta property=\"og:url\" content=\"https:\/\/www.cbm.uam.es\/index.php\/2025\/05\/08\/la-fundacion-astrazeneca-y-el-centro-de-biologia-molecular-severo-ochoa-firman-un-acuerdo-para-impulsar-la-investigacion-cientifica-en-espana\/\" \/>\n<meta property=\"og:site_name\" content=\"Centro de Biolog\u00eda Molecular Severo Ochoa\" \/>\n<meta property=\"article:published_time\" content=\"2025-05-08T08:46:37+00:00\" \/>\n<meta property=\"article:modified_time\" content=\"2025-06-13T09:59:02+00:00\" \/>\n<meta property=\"og:image\" content=\"https:\/\/www.cbm.uam.es\/wp-content\/uploads\/2025\/05\/IMG_6933-scaled.jpg\" \/>\n\t<meta property=\"og:image:width\" content=\"2560\" \/>\n\t<meta property=\"og:image:height\" content=\"1947\" \/>\n\t<meta property=\"og:image:type\" content=\"image\/jpeg\" \/>\n<meta name=\"author\" content=\"Comunicaci\u00f3n CBM\" \/>\n<meta name=\"twitter:card\" content=\"summary_large_image\" \/>\n<meta name=\"twitter:label1\" content=\"Written by\" \/>\n\t<meta name=\"twitter:data1\" content=\"Comunicaci\u00f3n CBM\" \/>\n\t<meta name=\"twitter:label2\" content=\"Est. reading time\" \/>\n\t<meta name=\"twitter:data2\" content=\"3 minutes\" \/>\n<script type=\"application\/ld+json\" class=\"yoast-schema-graph\">{\"@context\":\"https:\\\/\\\/schema.org\",\"@graph\":[{\"@type\":\"Article\",\"@id\":\"https:\\\/\\\/www.cbm.uam.es\\\/index.php\\\/2025\\\/05\\\/08\\\/la-fundacion-astrazeneca-y-el-centro-de-biologia-molecular-severo-ochoa-firman-un-acuerdo-para-impulsar-la-investigacion-cientifica-en-espana\\\/#article\",\"isPartOf\":{\"@id\":\"https:\\\/\\\/www.cbm.uam.es\\\/index.php\\\/2025\\\/05\\\/08\\\/la-fundacion-astrazeneca-y-el-centro-de-biologia-molecular-severo-ochoa-firman-un-acuerdo-para-impulsar-la-investigacion-cientifica-en-espana\\\/\"},\"author\":{\"name\":\"Comunicaci\u00f3n CBM\",\"@id\":\"https:\\\/\\\/www.cbm.uam.es\\\/?lang=es\\\/#\\\/schema\\\/person\\\/402eebd24a9ee63c097c8c4b6d8d993f\"},\"headline\":\"La Fundaci\u00f3n AstraZeneca y el Centro de Biolog\u00eda Molecular Severo Ochoa firman un acuerdo para impulsar la investigaci\u00f3n cient\u00edfica en Espa\u00f1a\",\"datePublished\":\"2025-05-08T08:46:37+00:00\",\"dateModified\":\"2025-06-13T09:59:02+00:00\",\"mainEntityOfPage\":{\"@id\":\"https:\\\/\\\/www.cbm.uam.es\\\/index.php\\\/2025\\\/05\\\/08\\\/la-fundacion-astrazeneca-y-el-centro-de-biologia-molecular-severo-ochoa-firman-un-acuerdo-para-impulsar-la-investigacion-cientifica-en-espana\\\/\"},\"wordCount\":474,\"publisher\":{\"@id\":\"https:\\\/\\\/www.cbm.uam.es\\\/?lang=es\\\/#organization\"},\"image\":{\"@id\":\"https:\\\/\\\/www.cbm.uam.es\\\/index.php\\\/2025\\\/05\\\/08\\\/la-fundacion-astrazeneca-y-el-centro-de-biologia-molecular-severo-ochoa-firman-un-acuerdo-para-impulsar-la-investigacion-cientifica-en-espana\\\/#primaryimage\"},\"thumbnailUrl\":\"https:\\\/\\\/www.cbm.uam.es\\\/wp-content\\\/uploads\\\/2025\\\/05\\\/IMG_6933-scaled.jpg\",\"articleSection\":[\"News\"],\"inLanguage\":\"en-US\"},{\"@type\":\"WebPage\",\"@id\":\"https:\\\/\\\/www.cbm.uam.es\\\/index.php\\\/2025\\\/05\\\/08\\\/la-fundacion-astrazeneca-y-el-centro-de-biologia-molecular-severo-ochoa-firman-un-acuerdo-para-impulsar-la-investigacion-cientifica-en-espana\\\/\",\"url\":\"https:\\\/\\\/www.cbm.uam.es\\\/index.php\\\/2025\\\/05\\\/08\\\/la-fundacion-astrazeneca-y-el-centro-de-biologia-molecular-severo-ochoa-firman-un-acuerdo-para-impulsar-la-investigacion-cientifica-en-espana\\\/\",\"name\":\"La Fundaci\u00f3n AstraZeneca y el Centro de Biolog\u00eda Molecular Severo Ochoa firman un acuerdo para impulsar la investigaci\u00f3n cient\u00edfica en Espa\u00f1a - Centro de Biolog\u00eda Molecular Severo Ochoa\",\"isPartOf\":{\"@id\":\"https:\\\/\\\/www.cbm.uam.es\\\/?lang=es\\\/#website\"},\"primaryImageOfPage\":{\"@id\":\"https:\\\/\\\/www.cbm.uam.es\\\/index.php\\\/2025\\\/05\\\/08\\\/la-fundacion-astrazeneca-y-el-centro-de-biologia-molecular-severo-ochoa-firman-un-acuerdo-para-impulsar-la-investigacion-cientifica-en-espana\\\/#primaryimage\"},\"image\":{\"@id\":\"https:\\\/\\\/www.cbm.uam.es\\\/index.php\\\/2025\\\/05\\\/08\\\/la-fundacion-astrazeneca-y-el-centro-de-biologia-molecular-severo-ochoa-firman-un-acuerdo-para-impulsar-la-investigacion-cientifica-en-espana\\\/#primaryimage\"},\"thumbnailUrl\":\"https:\\\/\\\/www.cbm.uam.es\\\/wp-content\\\/uploads\\\/2025\\\/05\\\/IMG_6933-scaled.jpg\",\"datePublished\":\"2025-05-08T08:46:37+00:00\",\"dateModified\":\"2025-06-13T09:59:02+00:00\",\"breadcrumb\":{\"@id\":\"https:\\\/\\\/www.cbm.uam.es\\\/index.php\\\/2025\\\/05\\\/08\\\/la-fundacion-astrazeneca-y-el-centro-de-biologia-molecular-severo-ochoa-firman-un-acuerdo-para-impulsar-la-investigacion-cientifica-en-espana\\\/#breadcrumb\"},\"inLanguage\":\"en-US\",\"potentialAction\":[{\"@type\":\"ReadAction\",\"target\":[\"https:\\\/\\\/www.cbm.uam.es\\\/index.php\\\/2025\\\/05\\\/08\\\/la-fundacion-astrazeneca-y-el-centro-de-biologia-molecular-severo-ochoa-firman-un-acuerdo-para-impulsar-la-investigacion-cientifica-en-espana\\\/\"]}]},{\"@type\":\"ImageObject\",\"inLanguage\":\"en-US\",\"@id\":\"https:\\\/\\\/www.cbm.uam.es\\\/index.php\\\/2025\\\/05\\\/08\\\/la-fundacion-astrazeneca-y-el-centro-de-biologia-molecular-severo-ochoa-firman-un-acuerdo-para-impulsar-la-investigacion-cientifica-en-espana\\\/#primaryimage\",\"url\":\"https:\\\/\\\/www.cbm.uam.es\\\/wp-content\\\/uploads\\\/2025\\\/05\\\/IMG_6933-scaled.jpg\",\"contentUrl\":\"https:\\\/\\\/www.cbm.uam.es\\\/wp-content\\\/uploads\\\/2025\\\/05\\\/IMG_6933-scaled.jpg\",\"width\":2560,\"height\":1947},{\"@type\":\"BreadcrumbList\",\"@id\":\"https:\\\/\\\/www.cbm.uam.es\\\/index.php\\\/2025\\\/05\\\/08\\\/la-fundacion-astrazeneca-y-el-centro-de-biologia-molecular-severo-ochoa-firman-un-acuerdo-para-impulsar-la-investigacion-cientifica-en-espana\\\/#breadcrumb\",\"itemListElement\":[{\"@type\":\"ListItem\",\"position\":1,\"name\":\"Portada\",\"item\":\"https:\\\/\\\/www.cbm.uam.es\\\/\"},{\"@type\":\"ListItem\",\"position\":2,\"name\":\"La Fundaci\u00f3n AstraZeneca y el Centro de Biolog\u00eda Molecular Severo Ochoa firman un acuerdo para impulsar la investigaci\u00f3n cient\u00edfica en Espa\u00f1a\"}]},{\"@type\":\"WebSite\",\"@id\":\"https:\\\/\\\/www.cbm.uam.es\\\/?lang=es\\\/#website\",\"url\":\"https:\\\/\\\/www.cbm.uam.es\\\/?lang=es\\\/\",\"name\":\"Centro de Biolog\u00eda Molecular Severo Ochoa\",\"description\":\"Official website of the CBM, CSIC - UAM. Biomedical research centre.\",\"publisher\":{\"@id\":\"https:\\\/\\\/www.cbm.uam.es\\\/?lang=es\\\/#organization\"},\"potentialAction\":[{\"@type\":\"SearchAction\",\"target\":{\"@type\":\"EntryPoint\",\"urlTemplate\":\"https:\\\/\\\/www.cbm.uam.es\\\/?lang=es\\\/?s={search_term_string}\"},\"query-input\":{\"@type\":\"PropertyValueSpecification\",\"valueRequired\":true,\"valueName\":\"search_term_string\"}}],\"inLanguage\":\"en-US\"},{\"@type\":\"Organization\",\"@id\":\"https:\\\/\\\/www.cbm.uam.es\\\/?lang=es\\\/#organization\",\"name\":\"Centro de Biolog\u00eda Molecular Severo Ochoa\",\"url\":\"https:\\\/\\\/www.cbm.uam.es\\\/?lang=es\\\/\",\"logo\":{\"@type\":\"ImageObject\",\"inLanguage\":\"en-US\",\"@id\":\"https:\\\/\\\/www.cbm.uam.es\\\/?lang=es\\\/#\\\/schema\\\/logo\\\/image\\\/\",\"url\":\"https:\\\/\\\/www.cbm.uam.es\\\/wp-content\\\/uploads\\\/2024\\\/11\\\/Logo-CBM-color-fondo-transparente.png\",\"contentUrl\":\"https:\\\/\\\/www.cbm.uam.es\\\/wp-content\\\/uploads\\\/2024\\\/11\\\/Logo-CBM-color-fondo-transparente.png\",\"width\":800,\"height\":342,\"caption\":\"Centro de Biolog\u00eda Molecular Severo Ochoa\"},\"image\":{\"@id\":\"https:\\\/\\\/www.cbm.uam.es\\\/?lang=es\\\/#\\\/schema\\\/logo\\\/image\\\/\"}},{\"@type\":\"Person\",\"@id\":\"https:\\\/\\\/www.cbm.uam.es\\\/?lang=es\\\/#\\\/schema\\\/person\\\/402eebd24a9ee63c097c8c4b6d8d993f\",\"name\":\"Comunicaci\u00f3n CBM\",\"image\":{\"@type\":\"ImageObject\",\"inLanguage\":\"en-US\",\"@id\":\"https:\\\/\\\/secure.gravatar.com\\\/avatar\\\/de6b5676f8fd159f4954e2b189afeb8eb02394577af3fac160cf1d46d84862d7?s=96&d=mm&r=g\",\"url\":\"https:\\\/\\\/secure.gravatar.com\\\/avatar\\\/de6b5676f8fd159f4954e2b189afeb8eb02394577af3fac160cf1d46d84862d7?s=96&d=mm&r=g\",\"contentUrl\":\"https:\\\/\\\/secure.gravatar.com\\\/avatar\\\/de6b5676f8fd159f4954e2b189afeb8eb02394577af3fac160cf1d46d84862d7?s=96&d=mm&r=g\",\"caption\":\"Comunicaci\u00f3n CBM\"},\"url\":\"https:\\\/\\\/www.cbm.uam.es\\\/index.php\\\/author\\\/comunicacion\\\/\"}]}<\/script>\n<!-- \/ Yoast SEO plugin. -->","yoast_head_json":{"title":"La Fundaci\u00f3n AstraZeneca y el Centro de Biolog\u00eda Molecular Severo Ochoa firman un acuerdo para impulsar la investigaci\u00f3n cient\u00edfica en Espa\u00f1a - Centro de Biolog\u00eda Molecular Severo Ochoa","robots":{"index":"index","follow":"follow","max-snippet":"max-snippet:-1","max-image-preview":"max-image-preview:large","max-video-preview":"max-video-preview:-1"},"canonical":"https:\/\/www.cbm.uam.es\/index.php\/2025\/05\/08\/la-fundacion-astrazeneca-y-el-centro-de-biologia-molecular-severo-ochoa-firman-un-acuerdo-para-impulsar-la-investigacion-cientifica-en-espana\/","og_locale":"en_US","og_type":"article","og_title":"La Fundaci\u00f3n AstraZeneca y el Centro de Biolog\u00eda Molecular Severo Ochoa firman un acuerdo para impulsar la investigaci\u00f3n cient\u00edfica en Espa\u00f1a - Centro de Biolog\u00eda Molecular Severo Ochoa","og_description":"La Fundaci\u00f3n AstraZeneca y la Fundaci\u00f3n Severo Ochoa, con sede en el Centro de Biolog\u00eda Molecular Severo Ochoa (CBM-CSIC-UAM), han firmado un convenio de colaboraci\u00f3n para llevar a cabo actividades [&hellip;]","og_url":"https:\/\/www.cbm.uam.es\/index.php\/2025\/05\/08\/la-fundacion-astrazeneca-y-el-centro-de-biologia-molecular-severo-ochoa-firman-un-acuerdo-para-impulsar-la-investigacion-cientifica-en-espana\/","og_site_name":"Centro de Biolog\u00eda Molecular Severo Ochoa","article_published_time":"2025-05-08T08:46:37+00:00","article_modified_time":"2025-06-13T09:59:02+00:00","og_image":[{"width":2560,"height":1947,"url":"https:\/\/www.cbm.uam.es\/wp-content\/uploads\/2025\/05\/IMG_6933-scaled.jpg","type":"image\/jpeg"}],"author":"Comunicaci\u00f3n CBM","twitter_card":"summary_large_image","twitter_misc":{"Written by":"Comunicaci\u00f3n CBM","Est. reading time":"3 minutes"},"schema":{"@context":"https:\/\/schema.org","@graph":[{"@type":"Article","@id":"https:\/\/www.cbm.uam.es\/index.php\/2025\/05\/08\/la-fundacion-astrazeneca-y-el-centro-de-biologia-molecular-severo-ochoa-firman-un-acuerdo-para-impulsar-la-investigacion-cientifica-en-espana\/#article","isPartOf":{"@id":"https:\/\/www.cbm.uam.es\/index.php\/2025\/05\/08\/la-fundacion-astrazeneca-y-el-centro-de-biologia-molecular-severo-ochoa-firman-un-acuerdo-para-impulsar-la-investigacion-cientifica-en-espana\/"},"author":{"name":"Comunicaci\u00f3n CBM","@id":"https:\/\/www.cbm.uam.es\/?lang=es\/#\/schema\/person\/402eebd24a9ee63c097c8c4b6d8d993f"},"headline":"La Fundaci\u00f3n AstraZeneca y el Centro de Biolog\u00eda Molecular Severo Ochoa firman un acuerdo para impulsar la investigaci\u00f3n cient\u00edfica en Espa\u00f1a","datePublished":"2025-05-08T08:46:37+00:00","dateModified":"2025-06-13T09:59:02+00:00","mainEntityOfPage":{"@id":"https:\/\/www.cbm.uam.es\/index.php\/2025\/05\/08\/la-fundacion-astrazeneca-y-el-centro-de-biologia-molecular-severo-ochoa-firman-un-acuerdo-para-impulsar-la-investigacion-cientifica-en-espana\/"},"wordCount":474,"publisher":{"@id":"https:\/\/www.cbm.uam.es\/?lang=es\/#organization"},"image":{"@id":"https:\/\/www.cbm.uam.es\/index.php\/2025\/05\/08\/la-fundacion-astrazeneca-y-el-centro-de-biologia-molecular-severo-ochoa-firman-un-acuerdo-para-impulsar-la-investigacion-cientifica-en-espana\/#primaryimage"},"thumbnailUrl":"https:\/\/www.cbm.uam.es\/wp-content\/uploads\/2025\/05\/IMG_6933-scaled.jpg","articleSection":["News"],"inLanguage":"en-US"},{"@type":"WebPage","@id":"https:\/\/www.cbm.uam.es\/index.php\/2025\/05\/08\/la-fundacion-astrazeneca-y-el-centro-de-biologia-molecular-severo-ochoa-firman-un-acuerdo-para-impulsar-la-investigacion-cientifica-en-espana\/","url":"https:\/\/www.cbm.uam.es\/index.php\/2025\/05\/08\/la-fundacion-astrazeneca-y-el-centro-de-biologia-molecular-severo-ochoa-firman-un-acuerdo-para-impulsar-la-investigacion-cientifica-en-espana\/","name":"La Fundaci\u00f3n AstraZeneca y el Centro de Biolog\u00eda Molecular Severo Ochoa firman un acuerdo para impulsar la investigaci\u00f3n cient\u00edfica en Espa\u00f1a - Centro de Biolog\u00eda Molecular Severo Ochoa","isPartOf":{"@id":"https:\/\/www.cbm.uam.es\/?lang=es\/#website"},"primaryImageOfPage":{"@id":"https:\/\/www.cbm.uam.es\/index.php\/2025\/05\/08\/la-fundacion-astrazeneca-y-el-centro-de-biologia-molecular-severo-ochoa-firman-un-acuerdo-para-impulsar-la-investigacion-cientifica-en-espana\/#primaryimage"},"image":{"@id":"https:\/\/www.cbm.uam.es\/index.php\/2025\/05\/08\/la-fundacion-astrazeneca-y-el-centro-de-biologia-molecular-severo-ochoa-firman-un-acuerdo-para-impulsar-la-investigacion-cientifica-en-espana\/#primaryimage"},"thumbnailUrl":"https:\/\/www.cbm.uam.es\/wp-content\/uploads\/2025\/05\/IMG_6933-scaled.jpg","datePublished":"2025-05-08T08:46:37+00:00","dateModified":"2025-06-13T09:59:02+00:00","breadcrumb":{"@id":"https:\/\/www.cbm.uam.es\/index.php\/2025\/05\/08\/la-fundacion-astrazeneca-y-el-centro-de-biologia-molecular-severo-ochoa-firman-un-acuerdo-para-impulsar-la-investigacion-cientifica-en-espana\/#breadcrumb"},"inLanguage":"en-US","potentialAction":[{"@type":"ReadAction","target":["https:\/\/www.cbm.uam.es\/index.php\/2025\/05\/08\/la-fundacion-astrazeneca-y-el-centro-de-biologia-molecular-severo-ochoa-firman-un-acuerdo-para-impulsar-la-investigacion-cientifica-en-espana\/"]}]},{"@type":"ImageObject","inLanguage":"en-US","@id":"https:\/\/www.cbm.uam.es\/index.php\/2025\/05\/08\/la-fundacion-astrazeneca-y-el-centro-de-biologia-molecular-severo-ochoa-firman-un-acuerdo-para-impulsar-la-investigacion-cientifica-en-espana\/#primaryimage","url":"https:\/\/www.cbm.uam.es\/wp-content\/uploads\/2025\/05\/IMG_6933-scaled.jpg","contentUrl":"https:\/\/www.cbm.uam.es\/wp-content\/uploads\/2025\/05\/IMG_6933-scaled.jpg","width":2560,"height":1947},{"@type":"BreadcrumbList","@id":"https:\/\/www.cbm.uam.es\/index.php\/2025\/05\/08\/la-fundacion-astrazeneca-y-el-centro-de-biologia-molecular-severo-ochoa-firman-un-acuerdo-para-impulsar-la-investigacion-cientifica-en-espana\/#breadcrumb","itemListElement":[{"@type":"ListItem","position":1,"name":"Portada","item":"https:\/\/www.cbm.uam.es\/"},{"@type":"ListItem","position":2,"name":"La Fundaci\u00f3n AstraZeneca y el Centro de Biolog\u00eda Molecular Severo Ochoa firman un acuerdo para impulsar la investigaci\u00f3n cient\u00edfica en Espa\u00f1a"}]},{"@type":"WebSite","@id":"https:\/\/www.cbm.uam.es\/?lang=es\/#website","url":"https:\/\/www.cbm.uam.es\/?lang=es\/","name":"Centro de Biolog\u00eda Molecular Severo Ochoa","description":"Official website of the CBM, CSIC - UAM. Biomedical research centre.","publisher":{"@id":"https:\/\/www.cbm.uam.es\/?lang=es\/#organization"},"potentialAction":[{"@type":"SearchAction","target":{"@type":"EntryPoint","urlTemplate":"https:\/\/www.cbm.uam.es\/?lang=es\/?s={search_term_string}"},"query-input":{"@type":"PropertyValueSpecification","valueRequired":true,"valueName":"search_term_string"}}],"inLanguage":"en-US"},{"@type":"Organization","@id":"https:\/\/www.cbm.uam.es\/?lang=es\/#organization","name":"Centro de Biolog\u00eda Molecular Severo Ochoa","url":"https:\/\/www.cbm.uam.es\/?lang=es\/","logo":{"@type":"ImageObject","inLanguage":"en-US","@id":"https:\/\/www.cbm.uam.es\/?lang=es\/#\/schema\/logo\/image\/","url":"https:\/\/www.cbm.uam.es\/wp-content\/uploads\/2024\/11\/Logo-CBM-color-fondo-transparente.png","contentUrl":"https:\/\/www.cbm.uam.es\/wp-content\/uploads\/2024\/11\/Logo-CBM-color-fondo-transparente.png","width":800,"height":342,"caption":"Centro de Biolog\u00eda Molecular Severo Ochoa"},"image":{"@id":"https:\/\/www.cbm.uam.es\/?lang=es\/#\/schema\/logo\/image\/"}},{"@type":"Person","@id":"https:\/\/www.cbm.uam.es\/?lang=es\/#\/schema\/person\/402eebd24a9ee63c097c8c4b6d8d993f","name":"Comunicaci\u00f3n CBM","image":{"@type":"ImageObject","inLanguage":"en-US","@id":"https:\/\/secure.gravatar.com\/avatar\/de6b5676f8fd159f4954e2b189afeb8eb02394577af3fac160cf1d46d84862d7?s=96&d=mm&r=g","url":"https:\/\/secure.gravatar.com\/avatar\/de6b5676f8fd159f4954e2b189afeb8eb02394577af3fac160cf1d46d84862d7?s=96&d=mm&r=g","contentUrl":"https:\/\/secure.gravatar.com\/avatar\/de6b5676f8fd159f4954e2b189afeb8eb02394577af3fac160cf1d46d84862d7?s=96&d=mm&r=g","caption":"Comunicaci\u00f3n CBM"},"url":"https:\/\/www.cbm.uam.es\/index.php\/author\/comunicacion\/"}]}},"_links":{"self":[{"href":"https:\/\/www.cbm.uam.es\/index.php\/wp-json\/wp\/v2\/posts\/290414","targetHints":{"allow":["GET"]}}],"collection":[{"href":"https:\/\/www.cbm.uam.es\/index.php\/wp-json\/wp\/v2\/posts"}],"about":[{"href":"https:\/\/www.cbm.uam.es\/index.php\/wp-json\/wp\/v2\/types\/post"}],"author":[{"embeddable":true,"href":"https:\/\/www.cbm.uam.es\/index.php\/wp-json\/wp\/v2\/users\/5"}],"replies":[{"embeddable":true,"href":"https:\/\/www.cbm.uam.es\/index.php\/wp-json\/wp\/v2\/comments?post=290414"}],"version-history":[{"count":0,"href":"https:\/\/www.cbm.uam.es\/index.php\/wp-json\/wp\/v2\/posts\/290414\/revisions"}],"wp:featuredmedia":[{"embeddable":true,"href":"https:\/\/www.cbm.uam.es\/index.php\/wp-json\/wp\/v2\/media\/290417"}],"wp:attachment":[{"href":"https:\/\/www.cbm.uam.es\/index.php\/wp-json\/wp\/v2\/media?parent=290414"}],"wp:term":[{"taxonomy":"category","embeddable":true,"href":"https:\/\/www.cbm.uam.es\/index.php\/wp-json\/wp\/v2\/categories?post=290414"},{"taxonomy":"post_tag","embeddable":true,"href":"https:\/\/www.cbm.uam.es\/index.php\/wp-json\/wp\/v2\/tags?post=290414"}],"curies":[{"name":"wp","href":"https:\/\/api.w.org\/{rel}","templated":true}]}}