{"id":93,"date":"2024-06-19T11:35:16","date_gmt":"2024-06-19T09:35:16","guid":{"rendered":"http:\/\/150.244.205.2\/?p=93"},"modified":"2024-10-16T00:47:51","modified_gmt":"2024-10-15T22:47:51","slug":"ana-ortega-molina-academica-de-numero-de-la-aje","status":"publish","type":"post","link":"https:\/\/www.cbm.uam.es\/index.php\/2024\/06\/19\/ana-ortega-molina-academica-de-numero-de-la-aje\/","title":{"rendered":"La investigadora Ana Ortega Molina, seleccionada como acad\u00e9mica de n\u00famero de la Academia Joven de Espa\u00f1a"},"content":{"rendered":"<p>[et_pb_section fb_built=&#8221;1&#8243; admin_label=&#8221;section&#8221; _builder_version=&#8221;4.16&#8243; da_disable_devices=&#8221;off|off|off&#8221; global_colors_info=&#8221;{}&#8221; theme_builder_area=&#8221;post_content&#8221; da_is_popup=&#8221;off&#8221; da_exit_intent=&#8221;off&#8221; da_has_close=&#8221;on&#8221; da_alt_close=&#8221;off&#8221; da_dark_close=&#8221;off&#8221; da_not_modal=&#8221;on&#8221; da_is_singular=&#8221;off&#8221; da_with_loader=&#8221;off&#8221; da_has_shadow=&#8221;on&#8221;][et_pb_row admin_label=&#8221;row&#8221; _builder_version=&#8221;4.16&#8243; background_size=&#8221;initial&#8221; background_position=&#8221;top_left&#8221; background_repeat=&#8221;repeat&#8221; global_colors_info=&#8221;{}&#8221; theme_builder_area=&#8221;post_content&#8221;][et_pb_column type=&#8221;4_4&#8243; _builder_version=&#8221;4.16&#8243; custom_padding=&#8221;|||&#8221; global_colors_info=&#8221;{}&#8221; custom_padding__hover=&#8221;|||&#8221; theme_builder_area=&#8221;post_content&#8221;][et_pb_text admin_label=&#8221;Text&#8221; _builder_version=&#8221;4.26.1&#8243; background_size=&#8221;initial&#8221; background_position=&#8221;top_left&#8221; background_repeat=&#8221;repeat&#8221; hover_enabled=&#8221;0&#8243; global_colors_info=&#8221;{}&#8221; theme_builder_area=&#8221;post_content&#8221; sticky_enabled=&#8221;0&#8243;]<\/p>\n<p>El Centro de Biolog\u00eda Molecular Severo Ochoa (CBM) se enorgullece en anunciar que Ana Ortega Molina, una de nuestras destacadas investigadoras, ha sido seleccionada como acad\u00e9mica de n\u00famero de la Academia Joven de Espa\u00f1a. Este prestigioso reconocimiento destaca su sobresaliente contribuci\u00f3n en el campo de la investigaci\u00f3n biom\u00e9dica.<\/p>\n<p>Ana Ortega Molina (Madrid, 1983) inici\u00f3 su carrera cient\u00edfica en el laboratorio del Dr. Manuel Serrano en el Centro Nacional de Investigaciones Oncol\u00f3gicas (CNIO), donde se centr\u00f3 en estudios sobre c\u00e1ncer y envejecimiento. En 2012, realiz\u00f3 su postdoctorado en el Memorial Sloan Kettering Cancer Center de Nueva York, colaborando con el Dr. Hans-Guido Wendel en la investigaci\u00f3n de los linfomas m\u00e1s agresivos. Posteriormente, en 2016, se uni\u00f3 al laboratorio del Dr. Alejo Efeyan (CNIO) para estudiar el papel de las prote\u00ednas RagC en el desarrollo y patog\u00e9nesis del linfoma folicular.<\/p>\n<p>En septiembre de 2021, gracias a un Contrato Ram\u00f3n y Cajal, Ana Ortega Molina estableci\u00f3 su grupo de investigaci\u00f3n en el CBM, donde actualmente estudia la fisiopatolog\u00eda de las c\u00e9lulas B y su impacto en el desarrollo de linfomas, envejecimiento y enfermedades autoinmunes. Su trabajo ha sido reconocido con una BECA LEONARDO y la ayuda LAB AECC 2023.<\/p>\n<p><strong>Investigaci\u00f3n en linfomas agresivos<\/strong><\/p>\n<p>Ana Ortega Molina se especializa en el estudio del linfoma difuso de c\u00e9lulas B grandes, la neoplasia linfoide maligna m\u00e1s com\u00fan en adultos. Este grupo de tumores presenta subtipos con alteraciones gen\u00e9ticas, diferencias en resultado cl\u00ednico, respuesta al tratamiento y pron\u00f3stico. En particular, su investigaci\u00f3n se centra en los linfomas de c\u00e9lulas B de alto grado con alteraciones en los genes MYC y BCL2, conocidos como linfoma &#8220;double hit&#8221;, caracterizados por su agresividad y resistencia a la quimioterapia.<\/p>\n<p><strong>Impacto y futuro de la investigaci\u00f3n<\/strong><\/p>\n<p>El trabajo de Ana Ortega Molina busca proporcionar una mejor comprensi\u00f3n de las firmas inmunitarias e inflamatorias reguladas a la baja en los linfomas y explorar nuevas estrategias para tratar estos linfomas agresivos que actualmente tienen opciones de tratamiento limitadas. Este enfoque innovador abre nuevas oportunidades para desarrollar terapias m\u00e1s efectivas para los pacientes afectados por este tipo de linfoma.<\/p>\n<p><strong>Sobre la Academia Joven de Espa\u00f1a<\/strong><\/p>\n<p>La Academia Joven de Espa\u00f1a (AJE), fundada en 2019, promueve la ciencia como opci\u00f3n profesional entre la juventud y fomenta la capacitaci\u00f3n cient\u00edfica, la investigaci\u00f3n y la innovaci\u00f3n como motores del desarrollo econ\u00f3mico. La selecci\u00f3n de Ana Ortega Molina como acad\u00e9mica de n\u00famero es un reconocimiento a su brillante carrera y su impacto en la comunidad cient\u00edfica.<\/p>\n<p>Este reconocimiento a Ana Ortega Molina no solo resalta su dedicaci\u00f3n y logros en el campo de la biolog\u00eda molecular, sino que tambi\u00e9n refuerza el compromiso del CBM y de la AJE con la excelencia cient\u00edfica y la innovaci\u00f3n en la investigaci\u00f3n biom\u00e9dica.<\/p>\n<p>[\/et_pb_text][\/et_pb_column][\/et_pb_row][\/et_pb_section]<\/p>\n","protected":false},"excerpt":{"rendered":"<p>El Centro de Biolog\u00eda Molecular Severo Ochoa (CBM) se enorgullece en anunciar que Ana Ortega Molina, una de nuestras destacadas investigadoras, ha sido seleccionada como acad\u00e9mica de n\u00famero de la [&hellip;]<\/p>\n","protected":false},"author":5,"featured_media":280771,"comment_status":"closed","ping_status":"closed","sticky":false,"template":"","format":"standard","meta":{"_et_pb_use_builder":"on","_et_pb_old_content":"<!-- wp:paragraph -->\r\n<p><em>Madrid, 19 de junio de 2024<\/em><\/p>\r\n<!-- \/wp:paragraph -->\r\n\r\n<!-- wp:paragraph -->\r\n<p>El Centro de Biolog\u00eda Molecular Severo Ochoa (CBM) se enorgullece en anunciar que Ana Ortega Molina, una de nuestras destacadas investigadoras, ha sido seleccionada como acad\u00e9mica de n\u00famero de la Academia Joven de Espa\u00f1a. Este prestigioso reconocimiento destaca su sobresaliente contribuci\u00f3n en el campo de la investigaci\u00f3n biom\u00e9dica.<\/p>\r\n<!-- \/wp:paragraph -->\r\n\r\n<!-- wp:paragraph -->\r\n<p>Ana Ortega Molina (Madrid, 1983) inici\u00f3 su carrera cient\u00edfica en el laboratorio del Dr. Manuel Serrano en el Centro Nacional de Investigaciones Oncol\u00f3gicas (CNIO), donde se centr\u00f3 en estudios sobre c\u00e1ncer y envejecimiento. En 2012, realiz\u00f3 su postdoctorado en el Memorial Sloan Kettering Cancer Center de Nueva York, colaborando con el Dr. Hans-Guido Wendel en la investigaci\u00f3n de los linfomas m\u00e1s agresivos. Posteriormente, en 2016, se uni\u00f3 al laboratorio del Dr. Alejo Efeyan (CNIO) para estudiar el papel de las prote\u00ednas RagC en el desarrollo y patog\u00e9nesis del linfoma folicular.<\/p>\r\n<!-- \/wp:paragraph -->\r\n\r\n<!-- wp:paragraph -->\r\n<p>En septiembre de 2021, gracias a un Contrato Ram\u00f3n y Cajal, Ana Ortega Molina estableci\u00f3 su grupo de investigaci\u00f3n en el CBM, donde actualmente estudia la fisiopatolog\u00eda de las c\u00e9lulas B y su impacto en el desarrollo de linfomas, envejecimiento y enfermedades autoinmunes. Su trabajo ha sido reconocido con una BECA LEONARDO y la ayuda LAB AECC 2023.<\/p>\r\n<!-- \/wp:paragraph -->\r\n\r\n<!-- wp:paragraph -->\r\n<p><strong>Investigaci\u00f3n en linfomas agresivos<\/strong><\/p>\r\n<!-- \/wp:paragraph -->\r\n\r\n<!-- wp:paragraph -->\r\n<p>Ana Ortega Molina se especializa en el estudio del linfoma difuso de c\u00e9lulas B grandes, la neoplasia linfoide maligna m\u00e1s com\u00fan en adultos. Este grupo de tumores presenta subtipos con alteraciones gen\u00e9ticas, diferencias en resultado cl\u00ednico, respuesta al tratamiento y pron\u00f3stico. En particular, su investigaci\u00f3n se centra en los linfomas de c\u00e9lulas B de alto grado con alteraciones en los genes MYC y BCL2, conocidos como linfoma \"double hit\", caracterizados por su agresividad y resistencia a la quimioterapia.<\/p>\r\n<!-- \/wp:paragraph -->\r\n\r\n<!-- wp:paragraph -->\r\n<p><strong>Impacto y futuro de la investigaci\u00f3n<\/strong><\/p>\r\n<!-- \/wp:paragraph -->\r\n\r\n<!-- wp:paragraph -->\r\n<p>El trabajo de Ana Ortega Molina busca proporcionar una mejor comprensi\u00f3n de las firmas inmunitarias e inflamatorias reguladas a la baja en los linfomas y explorar nuevas estrategias para tratar estos linfomas agresivos que actualmente tienen opciones de tratamiento limitadas. Este enfoque innovador abre nuevas oportunidades para desarrollar terapias m\u00e1s efectivas para los pacientes afectados por este tipo de linfoma.<\/p>\r\n<!-- \/wp:paragraph -->\r\n\r\n<!-- wp:paragraph -->\r\n<p><strong>Sobre la Academia Joven de Espa\u00f1a<\/strong><\/p>\r\n<!-- \/wp:paragraph -->\r\n\r\n<!-- wp:paragraph -->\r\n<p>La Academia Joven de Espa\u00f1a (AJE), fundada en 2019, promueve la ciencia como opci\u00f3n profesional entre la juventud y fomenta la capacitaci\u00f3n cient\u00edfica, la investigaci\u00f3n y la innovaci\u00f3n como motores del desarrollo econ\u00f3mico. La selecci\u00f3n de Ana Ortega Molina como acad\u00e9mica de n\u00famero es un reconocimiento a su brillante carrera y su impacto en la comunidad cient\u00edfica.<\/p>\r\n<!-- \/wp:paragraph -->\r\n\r\n<!-- wp:paragraph -->\r\n<p>Este reconocimiento a Ana Ortega Molina no solo resalta su dedicaci\u00f3n y logros en el campo de la biolog\u00eda molecular, sino que tambi\u00e9n refuerza el compromiso del CBM y de la AJE con la excelencia cient\u00edfica y la innovaci\u00f3n en la investigaci\u00f3n biom\u00e9dica.<\/p>\r\n<!-- \/wp:paragraph -->","_et_gb_content_width":"","footnotes":""},"categories":[53,44],"tags":[],"class_list":["post-93","post","type-post","status-publish","format-standard","has-post-thumbnail","hentry","category-awards","category-news"],"yoast_head":"<!-- This site is optimized with the Yoast SEO plugin v27.4 - https:\/\/yoast.com\/product\/yoast-seo-wordpress\/ -->\n<title>La investigadora Ana Ortega Molina, seleccionada como acad\u00e9mica de n\u00famero de la Academia Joven de Espa\u00f1a - Centro de Biolog\u00eda Molecular Severo Ochoa<\/title>\n<meta name=\"robots\" content=\"index, follow, max-snippet:-1, max-image-preview:large, max-video-preview:-1\" \/>\n<link rel=\"canonical\" href=\"https:\/\/www.cbm.uam.es\/index.php\/2024\/06\/19\/ana-ortega-molina-academica-de-numero-de-la-aje\/\" \/>\n<meta property=\"og:locale\" content=\"en_US\" \/>\n<meta property=\"og:type\" content=\"article\" \/>\n<meta property=\"og:title\" content=\"La investigadora Ana Ortega Molina, seleccionada como acad\u00e9mica de n\u00famero de la Academia Joven de Espa\u00f1a - Centro de Biolog\u00eda Molecular Severo Ochoa\" \/>\n<meta property=\"og:description\" content=\"El Centro de Biolog\u00eda Molecular Severo Ochoa (CBM) se enorgullece en anunciar que Ana Ortega Molina, una de nuestras destacadas investigadoras, ha sido seleccionada como acad\u00e9mica de n\u00famero de la [&hellip;]\" \/>\n<meta property=\"og:url\" content=\"https:\/\/www.cbm.uam.es\/index.php\/2024\/06\/19\/ana-ortega-molina-academica-de-numero-de-la-aje\/\" \/>\n<meta property=\"og:site_name\" content=\"Centro de Biolog\u00eda Molecular Severo Ochoa\" \/>\n<meta property=\"article:published_time\" content=\"2024-06-19T09:35:16+00:00\" \/>\n<meta property=\"article:modified_time\" content=\"2024-10-15T22:47:51+00:00\" \/>\n<meta property=\"og:image\" content=\"https:\/\/www.cbm.uam.es\/wp-content\/uploads\/2024\/06\/ana-ortega.jpg\" \/>\n\t<meta property=\"og:image:width\" content=\"640\" \/>\n\t<meta property=\"og:image:height\" content=\"441\" \/>\n\t<meta property=\"og:image:type\" content=\"image\/jpeg\" \/>\n<meta name=\"author\" content=\"Comunicaci\u00f3n CBM\" \/>\n<meta name=\"twitter:card\" content=\"summary_large_image\" \/>\n<meta name=\"twitter:label1\" content=\"Written by\" \/>\n\t<meta name=\"twitter:data1\" content=\"Comunicaci\u00f3n CBM\" \/>\n<script type=\"application\/ld+json\" class=\"yoast-schema-graph\">{\"@context\":\"https:\\\/\\\/schema.org\",\"@graph\":[{\"@type\":\"Article\",\"@id\":\"https:\\\/\\\/www.cbm.uam.es\\\/index.php\\\/2024\\\/06\\\/19\\\/ana-ortega-molina-academica-de-numero-de-la-aje\\\/#article\",\"isPartOf\":{\"@id\":\"https:\\\/\\\/www.cbm.uam.es\\\/index.php\\\/2024\\\/06\\\/19\\\/ana-ortega-molina-academica-de-numero-de-la-aje\\\/\"},\"author\":{\"name\":\"Comunicaci\u00f3n CBM\",\"@id\":\"https:\\\/\\\/www.cbm.uam.es\\\/?lang=es\\\/#\\\/schema\\\/person\\\/402eebd24a9ee63c097c8c4b6d8d993f\"},\"headline\":\"La investigadora Ana Ortega Molina, seleccionada como acad\u00e9mica de n\u00famero de la Academia Joven de Espa\u00f1a\",\"datePublished\":\"2024-06-19T09:35:16+00:00\",\"dateModified\":\"2024-10-15T22:47:51+00:00\",\"mainEntityOfPage\":{\"@id\":\"https:\\\/\\\/www.cbm.uam.es\\\/index.php\\\/2024\\\/06\\\/19\\\/ana-ortega-molina-academica-de-numero-de-la-aje\\\/\"},\"wordCount\":659,\"publisher\":{\"@id\":\"https:\\\/\\\/www.cbm.uam.es\\\/?lang=es\\\/#organization\"},\"image\":{\"@id\":\"https:\\\/\\\/www.cbm.uam.es\\\/index.php\\\/2024\\\/06\\\/19\\\/ana-ortega-molina-academica-de-numero-de-la-aje\\\/#primaryimage\"},\"thumbnailUrl\":\"https:\\\/\\\/www.cbm.uam.es\\\/wp-content\\\/uploads\\\/2024\\\/06\\\/ana-ortega.jpg\",\"articleSection\":[\"Awards\",\"News\"],\"inLanguage\":\"en-US\"},{\"@type\":\"WebPage\",\"@id\":\"https:\\\/\\\/www.cbm.uam.es\\\/index.php\\\/2024\\\/06\\\/19\\\/ana-ortega-molina-academica-de-numero-de-la-aje\\\/\",\"url\":\"https:\\\/\\\/www.cbm.uam.es\\\/index.php\\\/2024\\\/06\\\/19\\\/ana-ortega-molina-academica-de-numero-de-la-aje\\\/\",\"name\":\"La investigadora Ana Ortega Molina, seleccionada como acad\u00e9mica de n\u00famero de la Academia Joven de Espa\u00f1a - Centro de Biolog\u00eda Molecular Severo Ochoa\",\"isPartOf\":{\"@id\":\"https:\\\/\\\/www.cbm.uam.es\\\/?lang=es\\\/#website\"},\"primaryImageOfPage\":{\"@id\":\"https:\\\/\\\/www.cbm.uam.es\\\/index.php\\\/2024\\\/06\\\/19\\\/ana-ortega-molina-academica-de-numero-de-la-aje\\\/#primaryimage\"},\"image\":{\"@id\":\"https:\\\/\\\/www.cbm.uam.es\\\/index.php\\\/2024\\\/06\\\/19\\\/ana-ortega-molina-academica-de-numero-de-la-aje\\\/#primaryimage\"},\"thumbnailUrl\":\"https:\\\/\\\/www.cbm.uam.es\\\/wp-content\\\/uploads\\\/2024\\\/06\\\/ana-ortega.jpg\",\"datePublished\":\"2024-06-19T09:35:16+00:00\",\"dateModified\":\"2024-10-15T22:47:51+00:00\",\"breadcrumb\":{\"@id\":\"https:\\\/\\\/www.cbm.uam.es\\\/index.php\\\/2024\\\/06\\\/19\\\/ana-ortega-molina-academica-de-numero-de-la-aje\\\/#breadcrumb\"},\"inLanguage\":\"en-US\",\"potentialAction\":[{\"@type\":\"ReadAction\",\"target\":[\"https:\\\/\\\/www.cbm.uam.es\\\/index.php\\\/2024\\\/06\\\/19\\\/ana-ortega-molina-academica-de-numero-de-la-aje\\\/\"]}]},{\"@type\":\"ImageObject\",\"inLanguage\":\"en-US\",\"@id\":\"https:\\\/\\\/www.cbm.uam.es\\\/index.php\\\/2024\\\/06\\\/19\\\/ana-ortega-molina-academica-de-numero-de-la-aje\\\/#primaryimage\",\"url\":\"https:\\\/\\\/www.cbm.uam.es\\\/wp-content\\\/uploads\\\/2024\\\/06\\\/ana-ortega.jpg\",\"contentUrl\":\"https:\\\/\\\/www.cbm.uam.es\\\/wp-content\\\/uploads\\\/2024\\\/06\\\/ana-ortega.jpg\",\"width\":640,\"height\":441},{\"@type\":\"BreadcrumbList\",\"@id\":\"https:\\\/\\\/www.cbm.uam.es\\\/index.php\\\/2024\\\/06\\\/19\\\/ana-ortega-molina-academica-de-numero-de-la-aje\\\/#breadcrumb\",\"itemListElement\":[{\"@type\":\"ListItem\",\"position\":1,\"name\":\"Portada\",\"item\":\"https:\\\/\\\/www.cbm.uam.es\\\/\"},{\"@type\":\"ListItem\",\"position\":2,\"name\":\"La investigadora Ana Ortega Molina, seleccionada como acad\u00e9mica de n\u00famero de la Academia Joven de Espa\u00f1a\"}]},{\"@type\":\"WebSite\",\"@id\":\"https:\\\/\\\/www.cbm.uam.es\\\/?lang=es\\\/#website\",\"url\":\"https:\\\/\\\/www.cbm.uam.es\\\/?lang=es\\\/\",\"name\":\"Centro de Biolog\u00eda Molecular Severo Ochoa\",\"description\":\"Official website of the CBM, CSIC - UAM. Biomedical research centre.\",\"publisher\":{\"@id\":\"https:\\\/\\\/www.cbm.uam.es\\\/?lang=es\\\/#organization\"},\"potentialAction\":[{\"@type\":\"SearchAction\",\"target\":{\"@type\":\"EntryPoint\",\"urlTemplate\":\"https:\\\/\\\/www.cbm.uam.es\\\/?lang=es\\\/?s={search_term_string}\"},\"query-input\":{\"@type\":\"PropertyValueSpecification\",\"valueRequired\":true,\"valueName\":\"search_term_string\"}}],\"inLanguage\":\"en-US\"},{\"@type\":\"Organization\",\"@id\":\"https:\\\/\\\/www.cbm.uam.es\\\/?lang=es\\\/#organization\",\"name\":\"Centro de Biolog\u00eda Molecular Severo Ochoa\",\"url\":\"https:\\\/\\\/www.cbm.uam.es\\\/?lang=es\\\/\",\"logo\":{\"@type\":\"ImageObject\",\"inLanguage\":\"en-US\",\"@id\":\"https:\\\/\\\/www.cbm.uam.es\\\/?lang=es\\\/#\\\/schema\\\/logo\\\/image\\\/\",\"url\":\"https:\\\/\\\/www.cbm.uam.es\\\/wp-content\\\/uploads\\\/2024\\\/11\\\/Logo-CBM-color-fondo-transparente.png\",\"contentUrl\":\"https:\\\/\\\/www.cbm.uam.es\\\/wp-content\\\/uploads\\\/2024\\\/11\\\/Logo-CBM-color-fondo-transparente.png\",\"width\":800,\"height\":342,\"caption\":\"Centro de Biolog\u00eda Molecular Severo Ochoa\"},\"image\":{\"@id\":\"https:\\\/\\\/www.cbm.uam.es\\\/?lang=es\\\/#\\\/schema\\\/logo\\\/image\\\/\"}},{\"@type\":\"Person\",\"@id\":\"https:\\\/\\\/www.cbm.uam.es\\\/?lang=es\\\/#\\\/schema\\\/person\\\/402eebd24a9ee63c097c8c4b6d8d993f\",\"name\":\"Comunicaci\u00f3n CBM\",\"image\":{\"@type\":\"ImageObject\",\"inLanguage\":\"en-US\",\"@id\":\"https:\\\/\\\/secure.gravatar.com\\\/avatar\\\/de6b5676f8fd159f4954e2b189afeb8eb02394577af3fac160cf1d46d84862d7?s=96&d=mm&r=g\",\"url\":\"https:\\\/\\\/secure.gravatar.com\\\/avatar\\\/de6b5676f8fd159f4954e2b189afeb8eb02394577af3fac160cf1d46d84862d7?s=96&d=mm&r=g\",\"contentUrl\":\"https:\\\/\\\/secure.gravatar.com\\\/avatar\\\/de6b5676f8fd159f4954e2b189afeb8eb02394577af3fac160cf1d46d84862d7?s=96&d=mm&r=g\",\"caption\":\"Comunicaci\u00f3n CBM\"},\"url\":\"https:\\\/\\\/www.cbm.uam.es\\\/index.php\\\/author\\\/comunicacion\\\/\"}]}<\/script>\n<!-- \/ Yoast SEO plugin. -->","yoast_head_json":{"title":"La investigadora Ana Ortega Molina, seleccionada como acad\u00e9mica de n\u00famero de la Academia Joven de Espa\u00f1a - Centro de Biolog\u00eda Molecular Severo Ochoa","robots":{"index":"index","follow":"follow","max-snippet":"max-snippet:-1","max-image-preview":"max-image-preview:large","max-video-preview":"max-video-preview:-1"},"canonical":"https:\/\/www.cbm.uam.es\/index.php\/2024\/06\/19\/ana-ortega-molina-academica-de-numero-de-la-aje\/","og_locale":"en_US","og_type":"article","og_title":"La investigadora Ana Ortega Molina, seleccionada como acad\u00e9mica de n\u00famero de la Academia Joven de Espa\u00f1a - Centro de Biolog\u00eda Molecular Severo Ochoa","og_description":"El Centro de Biolog\u00eda Molecular Severo Ochoa (CBM) se enorgullece en anunciar que Ana Ortega Molina, una de nuestras destacadas investigadoras, ha sido seleccionada como acad\u00e9mica de n\u00famero de la [&hellip;]","og_url":"https:\/\/www.cbm.uam.es\/index.php\/2024\/06\/19\/ana-ortega-molina-academica-de-numero-de-la-aje\/","og_site_name":"Centro de Biolog\u00eda Molecular Severo Ochoa","article_published_time":"2024-06-19T09:35:16+00:00","article_modified_time":"2024-10-15T22:47:51+00:00","og_image":[{"width":640,"height":441,"url":"https:\/\/www.cbm.uam.es\/wp-content\/uploads\/2024\/06\/ana-ortega.jpg","type":"image\/jpeg"}],"author":"Comunicaci\u00f3n CBM","twitter_card":"summary_large_image","twitter_misc":{"Written by":"Comunicaci\u00f3n CBM"},"schema":{"@context":"https:\/\/schema.org","@graph":[{"@type":"Article","@id":"https:\/\/www.cbm.uam.es\/index.php\/2024\/06\/19\/ana-ortega-molina-academica-de-numero-de-la-aje\/#article","isPartOf":{"@id":"https:\/\/www.cbm.uam.es\/index.php\/2024\/06\/19\/ana-ortega-molina-academica-de-numero-de-la-aje\/"},"author":{"name":"Comunicaci\u00f3n CBM","@id":"https:\/\/www.cbm.uam.es\/?lang=es\/#\/schema\/person\/402eebd24a9ee63c097c8c4b6d8d993f"},"headline":"La investigadora Ana Ortega Molina, seleccionada como acad\u00e9mica de n\u00famero de la Academia Joven de Espa\u00f1a","datePublished":"2024-06-19T09:35:16+00:00","dateModified":"2024-10-15T22:47:51+00:00","mainEntityOfPage":{"@id":"https:\/\/www.cbm.uam.es\/index.php\/2024\/06\/19\/ana-ortega-molina-academica-de-numero-de-la-aje\/"},"wordCount":659,"publisher":{"@id":"https:\/\/www.cbm.uam.es\/?lang=es\/#organization"},"image":{"@id":"https:\/\/www.cbm.uam.es\/index.php\/2024\/06\/19\/ana-ortega-molina-academica-de-numero-de-la-aje\/#primaryimage"},"thumbnailUrl":"https:\/\/www.cbm.uam.es\/wp-content\/uploads\/2024\/06\/ana-ortega.jpg","articleSection":["Awards","News"],"inLanguage":"en-US"},{"@type":"WebPage","@id":"https:\/\/www.cbm.uam.es\/index.php\/2024\/06\/19\/ana-ortega-molina-academica-de-numero-de-la-aje\/","url":"https:\/\/www.cbm.uam.es\/index.php\/2024\/06\/19\/ana-ortega-molina-academica-de-numero-de-la-aje\/","name":"La investigadora Ana Ortega Molina, seleccionada como acad\u00e9mica de n\u00famero de la Academia Joven de Espa\u00f1a - Centro de Biolog\u00eda Molecular Severo Ochoa","isPartOf":{"@id":"https:\/\/www.cbm.uam.es\/?lang=es\/#website"},"primaryImageOfPage":{"@id":"https:\/\/www.cbm.uam.es\/index.php\/2024\/06\/19\/ana-ortega-molina-academica-de-numero-de-la-aje\/#primaryimage"},"image":{"@id":"https:\/\/www.cbm.uam.es\/index.php\/2024\/06\/19\/ana-ortega-molina-academica-de-numero-de-la-aje\/#primaryimage"},"thumbnailUrl":"https:\/\/www.cbm.uam.es\/wp-content\/uploads\/2024\/06\/ana-ortega.jpg","datePublished":"2024-06-19T09:35:16+00:00","dateModified":"2024-10-15T22:47:51+00:00","breadcrumb":{"@id":"https:\/\/www.cbm.uam.es\/index.php\/2024\/06\/19\/ana-ortega-molina-academica-de-numero-de-la-aje\/#breadcrumb"},"inLanguage":"en-US","potentialAction":[{"@type":"ReadAction","target":["https:\/\/www.cbm.uam.es\/index.php\/2024\/06\/19\/ana-ortega-molina-academica-de-numero-de-la-aje\/"]}]},{"@type":"ImageObject","inLanguage":"en-US","@id":"https:\/\/www.cbm.uam.es\/index.php\/2024\/06\/19\/ana-ortega-molina-academica-de-numero-de-la-aje\/#primaryimage","url":"https:\/\/www.cbm.uam.es\/wp-content\/uploads\/2024\/06\/ana-ortega.jpg","contentUrl":"https:\/\/www.cbm.uam.es\/wp-content\/uploads\/2024\/06\/ana-ortega.jpg","width":640,"height":441},{"@type":"BreadcrumbList","@id":"https:\/\/www.cbm.uam.es\/index.php\/2024\/06\/19\/ana-ortega-molina-academica-de-numero-de-la-aje\/#breadcrumb","itemListElement":[{"@type":"ListItem","position":1,"name":"Portada","item":"https:\/\/www.cbm.uam.es\/"},{"@type":"ListItem","position":2,"name":"La investigadora Ana Ortega Molina, seleccionada como acad\u00e9mica de n\u00famero de la Academia Joven de Espa\u00f1a"}]},{"@type":"WebSite","@id":"https:\/\/www.cbm.uam.es\/?lang=es\/#website","url":"https:\/\/www.cbm.uam.es\/?lang=es\/","name":"Centro de Biolog\u00eda Molecular Severo Ochoa","description":"Official website of the CBM, CSIC - UAM. Biomedical research centre.","publisher":{"@id":"https:\/\/www.cbm.uam.es\/?lang=es\/#organization"},"potentialAction":[{"@type":"SearchAction","target":{"@type":"EntryPoint","urlTemplate":"https:\/\/www.cbm.uam.es\/?lang=es\/?s={search_term_string}"},"query-input":{"@type":"PropertyValueSpecification","valueRequired":true,"valueName":"search_term_string"}}],"inLanguage":"en-US"},{"@type":"Organization","@id":"https:\/\/www.cbm.uam.es\/?lang=es\/#organization","name":"Centro de Biolog\u00eda Molecular Severo Ochoa","url":"https:\/\/www.cbm.uam.es\/?lang=es\/","logo":{"@type":"ImageObject","inLanguage":"en-US","@id":"https:\/\/www.cbm.uam.es\/?lang=es\/#\/schema\/logo\/image\/","url":"https:\/\/www.cbm.uam.es\/wp-content\/uploads\/2024\/11\/Logo-CBM-color-fondo-transparente.png","contentUrl":"https:\/\/www.cbm.uam.es\/wp-content\/uploads\/2024\/11\/Logo-CBM-color-fondo-transparente.png","width":800,"height":342,"caption":"Centro de Biolog\u00eda Molecular Severo Ochoa"},"image":{"@id":"https:\/\/www.cbm.uam.es\/?lang=es\/#\/schema\/logo\/image\/"}},{"@type":"Person","@id":"https:\/\/www.cbm.uam.es\/?lang=es\/#\/schema\/person\/402eebd24a9ee63c097c8c4b6d8d993f","name":"Comunicaci\u00f3n CBM","image":{"@type":"ImageObject","inLanguage":"en-US","@id":"https:\/\/secure.gravatar.com\/avatar\/de6b5676f8fd159f4954e2b189afeb8eb02394577af3fac160cf1d46d84862d7?s=96&d=mm&r=g","url":"https:\/\/secure.gravatar.com\/avatar\/de6b5676f8fd159f4954e2b189afeb8eb02394577af3fac160cf1d46d84862d7?s=96&d=mm&r=g","contentUrl":"https:\/\/secure.gravatar.com\/avatar\/de6b5676f8fd159f4954e2b189afeb8eb02394577af3fac160cf1d46d84862d7?s=96&d=mm&r=g","caption":"Comunicaci\u00f3n CBM"},"url":"https:\/\/www.cbm.uam.es\/index.php\/author\/comunicacion\/"}]}},"_links":{"self":[{"href":"https:\/\/www.cbm.uam.es\/index.php\/wp-json\/wp\/v2\/posts\/93","targetHints":{"allow":["GET"]}}],"collection":[{"href":"https:\/\/www.cbm.uam.es\/index.php\/wp-json\/wp\/v2\/posts"}],"about":[{"href":"https:\/\/www.cbm.uam.es\/index.php\/wp-json\/wp\/v2\/types\/post"}],"author":[{"embeddable":true,"href":"https:\/\/www.cbm.uam.es\/index.php\/wp-json\/wp\/v2\/users\/5"}],"replies":[{"embeddable":true,"href":"https:\/\/www.cbm.uam.es\/index.php\/wp-json\/wp\/v2\/comments?post=93"}],"version-history":[{"count":0,"href":"https:\/\/www.cbm.uam.es\/index.php\/wp-json\/wp\/v2\/posts\/93\/revisions"}],"wp:featuredmedia":[{"embeddable":true,"href":"https:\/\/www.cbm.uam.es\/index.php\/wp-json\/wp\/v2\/media\/280771"}],"wp:attachment":[{"href":"https:\/\/www.cbm.uam.es\/index.php\/wp-json\/wp\/v2\/media?parent=93"}],"wp:term":[{"taxonomy":"category","embeddable":true,"href":"https:\/\/www.cbm.uam.es\/index.php\/wp-json\/wp\/v2\/categories?post=93"},{"taxonomy":"post_tag","embeddable":true,"href":"https:\/\/www.cbm.uam.es\/index.php\/wp-json\/wp\/v2\/tags?post=93"}],"curies":[{"name":"wp","href":"https:\/\/api.w.org\/{rel}","templated":true}]}}